{"id":11729,"date":"2020-04-21T15:15:39","date_gmt":"2020-04-21T14:15:39","guid":{"rendered":"http:\/\/ostrowska.tv\/?p=11729"},"modified":"2020-04-21T15:15:39","modified_gmt":"2020-04-21T14:15:39","slug":"spadl-z-dachu-remontowanego-domu","status":"publish","type":"post","link":"https:\/\/ostrowskatv.pl\/?p=11729","title":{"rendered":"Spad\u0142 z dachu remontowanego domu"},"content":{"rendered":"<p><strong>Przy ul. Gorzyckiej w Ostrowie Wielkopolskim dosz\u0142o do tragedii we wtorkowe popo\u0142udnie. Podczas prac remontowych spad\u0142 m\u0119\u017cczyzna. Poni\u00f3s\u0142 \u015bmier\u0107 na miejscu.\u00a0<\/strong><\/p>\n<p>Do tragicznego wypadku dosz\u0142o we wtorek po godzinie 15.00. 42-letni m\u0119\u017cczyzna pracowa\u0142 na wysoko\u015bci oko\u0142o 10 metr\u00f3w. Podczas prac remontowych zrzucano konstrukcj\u0119 dachu budynku dwukondygnacyjnego. W pewnym momencie spad\u0142. W wyniku odniesionych obra\u017ce\u0144 zgin\u0105\u0142 na miejscu.<\/p>\n<div id='gallery-1' class='gallery galleryid-11729 gallery-columns-3 gallery-size-thumbnail'><figure class='gallery-item'>\n\t\t\t<div class='gallery-icon landscape'>\n\t\t\t\t<a href='https:\/\/ostrowskatv.pl\/?attachment_id=11727'><img loading=\"lazy\" decoding=\"async\" width=\"150\" height=\"150\" src=\"https:\/\/ostrowskatv.pl\/wp-content\/uploads\/2020\/04\/IMG_20200421_160111-01-150x150.jpeg\" class=\"attachment-thumbnail size-thumbnail\" alt=\"\" \/><\/a>\n\t\t\t<\/div><\/figure><figure class='gallery-item'>\n\t\t\t<div class='gallery-icon landscape'>\n\t\t\t\t<a href='https:\/\/ostrowskatv.pl\/?attachment_id=11726'><img loading=\"lazy\" decoding=\"async\" width=\"150\" height=\"150\" src=\"https:\/\/ostrowskatv.pl\/wp-content\/uploads\/2020\/04\/IMG_20200421_160511-01-150x150.jpeg\" class=\"attachment-thumbnail size-thumbnail\" alt=\"\" aria-describedby=\"gallery-1-11726\" \/><\/a>\n\t\t\t<\/div>\n\t\t\t\t<figcaption class='wp-caption-text gallery-caption' id='gallery-1-11726'>\n\t\t\t\trhdr\n\t\t\t\t<\/figcaption><\/figure><figure class='gallery-item'>\n\t\t\t<div class='gallery-icon landscape'>\n\t\t\t\t<a href='https:\/\/ostrowskatv.pl\/?attachment_id=11728'><img loading=\"lazy\" decoding=\"async\" width=\"150\" height=\"150\" src=\"https:\/\/ostrowskatv.pl\/wp-content\/uploads\/2020\/04\/IMG_20200421_160243-01-150x150.jpeg\" class=\"attachment-thumbnail size-thumbnail\" alt=\"\" \/><\/a>\n\t\t\t<\/div><\/figure>\n\t\t<\/div>\n\n","protected":false},"excerpt":{"rendered":"Przy ul. Gorzyckiej w Ostrowie Wielkopolskim dosz\u0142o do tragedii we wtorkowe popo\u0142udnie. Podczas prac remontowych spad\u0142 m\u0119\u017cczyzna. Poni\u00f3s\u0142 \u015bmier\u0107 na miejscu.\u00a0 Do tragicznego \n<a class=\"moretag\" href=\"https:\/\/ostrowskatv.pl\/?p=11729\"> [...]<\/a>","protected":false},"author":1,"featured_media":11727,"comment_status":"open","ping_status":"closed","sticky":false,"template":"","format":"standard","meta":{"footnotes":""},"categories":[1],"tags":[2],"class_list":["post-11729","post","type-post","status-publish","format-standard","has-post-thumbnail","hentry","category-news","tag-ostrow-wielkopolski"],"_links":{"self":[{"href":"https:\/\/ostrowskatv.pl\/index.php?rest_route=\/wp\/v2\/posts\/11729","targetHints":{"allow":["GET"]}}],"collection":[{"href":"https:\/\/ostrowskatv.pl\/index.php?rest_route=\/wp\/v2\/posts"}],"about":[{"href":"https:\/\/ostrowskatv.pl\/index.php?rest_route=\/wp\/v2\/types\/post"}],"author":[{"embeddable":true,"href":"https:\/\/ostrowskatv.pl\/index.php?rest_route=\/wp\/v2\/users\/1"}],"replies":[{"embeddable":true,"href":"https:\/\/ostrowskatv.pl\/index.php?rest_route=%2Fwp%2Fv2%2Fcomments&post=11729"}],"version-history":[{"count":0,"href":"https:\/\/ostrowskatv.pl\/index.php?rest_route=\/wp\/v2\/posts\/11729\/revisions"}],"wp:featuredmedia":[{"embeddable":true,"href":"https:\/\/ostrowskatv.pl\/index.php?rest_route=\/wp\/v2\/media\/11727"}],"wp:attachment":[{"href":"https:\/\/ostrowskatv.pl\/index.php?rest_route=%2Fwp%2Fv2%2Fmedia&parent=11729"}],"wp:term":[{"taxonomy":"category","embeddable":true,"href":"https:\/\/ostrowskatv.pl\/index.php?rest_route=%2Fwp%2Fv2%2Fcategories&post=11729"},{"taxonomy":"post_tag","embeddable":true,"href":"https:\/\/ostrowskatv.pl\/index.php?rest_route=%2Fwp%2Fv2%2Ftags&post=11729"}],"curies":[{"name":"wp","href":"https:\/\/api.w.org\/{rel}","templated":true}]}}