{"id":11701,"date":"2020-04-16T11:03:13","date_gmt":"2020-04-16T10:03:13","guid":{"rendered":"http:\/\/ostrowska.tv\/?p=11701"},"modified":"2020-04-16T11:03:13","modified_gmt":"2020-04-16T10:03:13","slug":"5-radiowozow-pod-urzedem-handlowcy-z-targowiska-przyszli-do-prezydent","status":"publish","type":"post","link":"https:\/\/ostrowskatv.pl\/?p=11701","title":{"rendered":"5 radiowoz\u00f3w pod urz\u0119dem. Handlowcy z targowiska przyszli do prezydent"},"content":{"rendered":"<p><strong>Grupa handlowc\u00f3w z ostrowskiego targowiska przysz\u0142a w czwartkowe przedpo\u0142udnie pod Urz\u0105d Miasta<\/strong>. <strong>Zamierzaj\u0105 wynegocjowa\u0107 umorzenie stawek za najem powierzchni pod punkty handlowe. Z uwagi na nielegalne zgromadzenie, policja wezwa\u0142a osoby stoj\u0105ce przed urz\u0119dem do rozej\u015bcia si\u0119.\u00a0<\/strong><\/p>\n<p>Chwil\u0119 po 11.00 delegacja \u017ce strony handlowc\u00f3w wesz\u0142a na spotkanie z w\u0142adzami miasta. Pozosta\u0142a grupa ok. 20 os\u00f3b czeka\u0142a w dwumetrowych odst\u0119pach pod urz\u0119dem. To nie zosta\u0142o zaakceptowane przez ostrowskich policjant\u00f3w. Po ostatnim ostrze\u017ceniu handlowcy rozeszli si\u0119 do aut oczekuj\u0105c na fina\u0142 rozm\u00f3w.<\/p>\n<p>Handlowcy uwa\u017caj\u0105, \u017ce cho\u0107 handlowa\u0107 mog\u0105, to ruch na targowisku dramatycznie zmala\u0142. Dzienny zysk nie jest w stanie pokry\u0107 nawet op\u0142at za miejsce.<\/p>\n<p>Wcze\u015bniej handlowcy byli u prezes sp\u00f3\u0142ki Targowiska Miejskie, ale jak twierdz\u0105 sprzedawcy, zostali wyproszeni.<\/p>\n<div id='gallery-1' class='gallery galleryid-11701 gallery-columns-3 gallery-size-thumbnail'><figure class='gallery-item'>\n\t\t\t<div class='gallery-icon landscape'>\n\t\t\t\t<a href='https:\/\/ostrowskatv.pl\/?attachment_id=11700'><img loading=\"lazy\" decoding=\"async\" width=\"150\" height=\"150\" src=\"https:\/\/ostrowskatv.pl\/wp-content\/uploads\/2020\/04\/IMG_20200416_114124-01-150x150.jpeg\" class=\"attachment-thumbnail size-thumbnail\" alt=\"\" \/><\/a>\n\t\t\t<\/div><\/figure><figure class='gallery-item'>\n\t\t\t<div class='gallery-icon landscape'>\n\t\t\t\t<a href='https:\/\/ostrowskatv.pl\/?attachment_id=11699'><img loading=\"lazy\" decoding=\"async\" width=\"150\" height=\"150\" src=\"https:\/\/ostrowskatv.pl\/wp-content\/uploads\/2020\/04\/IMG_20200416_114111-01-150x150.jpeg\" class=\"attachment-thumbnail size-thumbnail\" alt=\"\" \/><\/a>\n\t\t\t<\/div><\/figure><figure class='gallery-item'>\n\t\t\t<div class='gallery-icon landscape'>\n\t\t\t\t<a href='https:\/\/ostrowskatv.pl\/?attachment_id=11698'><img loading=\"lazy\" decoding=\"async\" width=\"150\" height=\"150\" src=\"https:\/\/ostrowskatv.pl\/wp-content\/uploads\/2020\/04\/IMG_20200416_114049-01-150x150.jpeg\" class=\"attachment-thumbnail size-thumbnail\" alt=\"\" \/><\/a>\n\t\t\t<\/div><\/figure><figure class='gallery-item'>\n\t\t\t<div class='gallery-icon landscape'>\n\t\t\t\t<a href='https:\/\/ostrowskatv.pl\/?attachment_id=11697'><img loading=\"lazy\" decoding=\"async\" width=\"150\" height=\"150\" src=\"https:\/\/ostrowskatv.pl\/wp-content\/uploads\/2020\/04\/IMG_20200416_114302-01-150x150.jpeg\" class=\"attachment-thumbnail size-thumbnail\" alt=\"\" \/><\/a>\n\t\t\t<\/div><\/figure>\n\t\t<\/div>\n\n","protected":false},"excerpt":{"rendered":"Grupa handlowc\u00f3w z ostrowskiego targowiska przysz\u0142a w czwartkowe przedpo\u0142udnie pod Urz\u0105d Miasta. Zamierzaj\u0105 wynegocjowa\u0107 umorzenie stawek za najem powierzchni pod punkty handlowe. Z \n<a class=\"moretag\" href=\"https:\/\/ostrowskatv.pl\/?p=11701\"> [...]<\/a>","protected":false},"author":1,"featured_media":11699,"comment_status":"open","ping_status":"closed","sticky":false,"template":"","format":"standard","meta":{"footnotes":""},"categories":[1],"tags":[2],"class_list":["post-11701","post","type-post","status-publish","format-standard","has-post-thumbnail","hentry","category-news","tag-ostrow-wielkopolski"],"_links":{"self":[{"href":"https:\/\/ostrowskatv.pl\/index.php?rest_route=\/wp\/v2\/posts\/11701","targetHints":{"allow":["GET"]}}],"collection":[{"href":"https:\/\/ostrowskatv.pl\/index.php?rest_route=\/wp\/v2\/posts"}],"about":[{"href":"https:\/\/ostrowskatv.pl\/index.php?rest_route=\/wp\/v2\/types\/post"}],"author":[{"embeddable":true,"href":"https:\/\/ostrowskatv.pl\/index.php?rest_route=\/wp\/v2\/users\/1"}],"replies":[{"embeddable":true,"href":"https:\/\/ostrowskatv.pl\/index.php?rest_route=%2Fwp%2Fv2%2Fcomments&post=11701"}],"version-history":[{"count":0,"href":"https:\/\/ostrowskatv.pl\/index.php?rest_route=\/wp\/v2\/posts\/11701\/revisions"}],"wp:featuredmedia":[{"embeddable":true,"href":"https:\/\/ostrowskatv.pl\/index.php?rest_route=\/wp\/v2\/media\/11699"}],"wp:attachment":[{"href":"https:\/\/ostrowskatv.pl\/index.php?rest_route=%2Fwp%2Fv2%2Fmedia&parent=11701"}],"wp:term":[{"taxonomy":"category","embeddable":true,"href":"https:\/\/ostrowskatv.pl\/index.php?rest_route=%2Fwp%2Fv2%2Fcategories&post=11701"},{"taxonomy":"post_tag","embeddable":true,"href":"https:\/\/ostrowskatv.pl\/index.php?rest_route=%2Fwp%2Fv2%2Ftags&post=11701"}],"curies":[{"name":"wp","href":"https:\/\/api.w.org\/{rel}","templated":true}]}}