{"id":11693,"date":"2020-04-15T10:16:11","date_gmt":"2020-04-15T09:16:11","guid":{"rendered":"http:\/\/ostrowska.tv\/?p=11693"},"modified":"2020-04-15T10:18:25","modified_gmt":"2020-04-15T09:18:25","slug":"90-letnia-pacjentka-z-koronawirusem-przebywala-na-ostrowskim-sor-ze","status":"publish","type":"post","link":"https:\/\/ostrowskatv.pl\/?p=11693","title":{"rendered":"90-letnia pacjentka z koronawirusem przebywa\u0142a na ostrowskim SOR-ze"},"content":{"rendered":"<p><strong>S\u0142u\u017cby wojewody wielkopolskiego poda\u0142y w \u015brod\u0119 rano informacj\u0119, \u017ce 90-letnia mieszkanka powiatu kaliskiego, przebywa z dodatnim wynikiem w ostrowskim szpitalu. Dok\u0142adniejsze sprawdzenie informacji potwierdzi\u0142o, \u017ce taka pacjentka le\u017ca\u0142a na ostrowskim SOR-ze. Szpital zapewnia jednak, \u017ce personel wykonywa\u0142 czynno\u015bci w pe\u0142nym stroju ochronnym. Kobiet\u0119 po nabraniu podejrze\u0144 co do nosicielstwa SARS-CoV-2, przekazano do szpitala zaka\u017anego w Kaliszu. Nic nie wiadomo na ten moment o wy\u0142\u0105czeniu SOR-u z u\u017cytkowania i odka\u017caniu oddzia\u0142u.<\/strong><\/p>\n<p>Przywieziono j\u0105 12 kwietnia z uwagi na wy\u0142\u0105czenie z dzia\u0142alno\u015bci kaliskiego SOR-u. Po wst\u0119pnej diagnostyce, 13 kwietnia zosta\u0142a odes\u0142ana do Kalisza.<\/p>\n<p>Ostrowski Sanepid nie zosta\u0142 poinformowany o incydencie.<\/p>\n","protected":false},"excerpt":{"rendered":"S\u0142u\u017cby wojewody wielkopolskiego poda\u0142y w \u015brod\u0119 rano informacj\u0119, \u017ce 90-letnia mieszkanka powiatu kaliskiego, przebywa z dodatnim wynikiem w ostrowskim szpitalu. Dok\u0142adniejsze sprawdzenie informacji \n<a class=\"moretag\" href=\"https:\/\/ostrowskatv.pl\/?p=11693\"> [...]<\/a>","protected":false},"author":1,"featured_media":11692,"comment_status":"open","ping_status":"closed","sticky":false,"template":"","format":"standard","meta":{"footnotes":""},"categories":[1],"tags":[55],"class_list":["post-11693","post","type-post","status-publish","format-standard","has-post-thumbnail","hentry","category-news","tag-szpital"],"_links":{"self":[{"href":"https:\/\/ostrowskatv.pl\/index.php?rest_route=\/wp\/v2\/posts\/11693","targetHints":{"allow":["GET"]}}],"collection":[{"href":"https:\/\/ostrowskatv.pl\/index.php?rest_route=\/wp\/v2\/posts"}],"about":[{"href":"https:\/\/ostrowskatv.pl\/index.php?rest_route=\/wp\/v2\/types\/post"}],"author":[{"embeddable":true,"href":"https:\/\/ostrowskatv.pl\/index.php?rest_route=\/wp\/v2\/users\/1"}],"replies":[{"embeddable":true,"href":"https:\/\/ostrowskatv.pl\/index.php?rest_route=%2Fwp%2Fv2%2Fcomments&post=11693"}],"version-history":[{"count":0,"href":"https:\/\/ostrowskatv.pl\/index.php?rest_route=\/wp\/v2\/posts\/11693\/revisions"}],"wp:featuredmedia":[{"embeddable":true,"href":"https:\/\/ostrowskatv.pl\/index.php?rest_route=\/wp\/v2\/media\/11692"}],"wp:attachment":[{"href":"https:\/\/ostrowskatv.pl\/index.php?rest_route=%2Fwp%2Fv2%2Fmedia&parent=11693"}],"wp:term":[{"taxonomy":"category","embeddable":true,"href":"https:\/\/ostrowskatv.pl\/index.php?rest_route=%2Fwp%2Fv2%2Fcategories&post=11693"},{"taxonomy":"post_tag","embeddable":true,"href":"https:\/\/ostrowskatv.pl\/index.php?rest_route=%2Fwp%2Fv2%2Ftags&post=11693"}],"curies":[{"name":"wp","href":"https:\/\/api.w.org\/{rel}","templated":true}]}}