{"id":11679,"date":"2020-04-07T17:20:26","date_gmt":"2020-04-07T16:20:26","guid":{"rendered":"http:\/\/ostrowska.tv\/?p=11679"},"modified":"2020-04-07T17:20:26","modified_gmt":"2020-04-07T16:20:26","slug":"umarlo-kilka-osob-na-covid-19","status":"publish","type":"post","link":"https:\/\/ostrowskatv.pl\/?p=11679","title":{"rendered":"Umar\u0142o kilka os\u00f3b na Covid-19"},"content":{"rendered":"<p><strong>Najnowsze informacje podawane przez s\u0142u\u017cby przynosz\u0105 smutne informacje z regionu po\u0142udniowej Wielkopolski. Troje pacjent\u00f3w z pleszewskiego oddzia\u0142u paliatywnego nie doczeka\u0142o si\u0119 przetransportowania do szpitala zaka\u017anego w Poznaniu. Zmarli w wyniku zaka\u017cenia koronawirusem. <\/strong><\/p>\n<p>Ponadto s\u0142u\u017cby poda\u0142y zaka\u017cenie u 41-letniej mieszkanki powiatu ostrowskiego. Przebywa w izolacji domowej. <\/p>\n<p>W powiecie ostrzeszowskim wykryto koronawirusa u 21 i 46-letniej kobiety. <\/p>\n<p>Smutne informacje docieraj\u0105 z pozna\u0144skiego szpitala zaka\u017anego przy ulicy Szwajcarskiej. Z powodu Covid-19 zmar\u0142 65-letni m\u0119\u017cczyzna z powiatu kaliskiego, 68-letni m\u0119\u017cczyzna z powiatu krotoszy\u0144skiego, 81-letnia kobieta z powiatu krotoszy\u0144skiego.<\/p>\n<p>W ZOL w Pleszewie zmar\u0142a 83-letnia kobieta z powiatu jaroci\u0144skiego, na oddziale paliatywnym w Pleszewie 82-kobieta z powiatu pleszewskiego oraz 70-letni m\u0119\u017cczyzna z powiatu krotoszy\u0144skiego. <\/p>\n<p>W Wielkopolsce do tej pory odnotowano 351 przypadk\u00f3w zaka\u017cenia koronawirusem, w tym 22 osoby zmar\u0142y.<\/p>\n","protected":false},"excerpt":{"rendered":"Najnowsze informacje podawane przez s\u0142u\u017cby przynosz\u0105 smutne informacje z regionu po\u0142udniowej Wielkopolski. Troje pacjent\u00f3w z pleszewskiego oddzia\u0142u paliatywnego nie doczeka\u0142o si\u0119 przetransportowania do \n<a class=\"moretag\" href=\"https:\/\/ostrowskatv.pl\/?p=11679\"> [...]<\/a>","protected":false},"author":1,"featured_media":11678,"comment_status":"open","ping_status":"closed","sticky":false,"template":"","format":"standard","meta":{"footnotes":""},"categories":[1],"tags":[195],"class_list":["post-11679","post","type-post","status-publish","format-standard","has-post-thumbnail","hentry","category-news","tag-koronawirus"],"_links":{"self":[{"href":"https:\/\/ostrowskatv.pl\/index.php?rest_route=\/wp\/v2\/posts\/11679","targetHints":{"allow":["GET"]}}],"collection":[{"href":"https:\/\/ostrowskatv.pl\/index.php?rest_route=\/wp\/v2\/posts"}],"about":[{"href":"https:\/\/ostrowskatv.pl\/index.php?rest_route=\/wp\/v2\/types\/post"}],"author":[{"embeddable":true,"href":"https:\/\/ostrowskatv.pl\/index.php?rest_route=\/wp\/v2\/users\/1"}],"replies":[{"embeddable":true,"href":"https:\/\/ostrowskatv.pl\/index.php?rest_route=%2Fwp%2Fv2%2Fcomments&post=11679"}],"version-history":[{"count":0,"href":"https:\/\/ostrowskatv.pl\/index.php?rest_route=\/wp\/v2\/posts\/11679\/revisions"}],"wp:featuredmedia":[{"embeddable":true,"href":"https:\/\/ostrowskatv.pl\/index.php?rest_route=\/wp\/v2\/media\/11678"}],"wp:attachment":[{"href":"https:\/\/ostrowskatv.pl\/index.php?rest_route=%2Fwp%2Fv2%2Fmedia&parent=11679"}],"wp:term":[{"taxonomy":"category","embeddable":true,"href":"https:\/\/ostrowskatv.pl\/index.php?rest_route=%2Fwp%2Fv2%2Fcategories&post=11679"},{"taxonomy":"post_tag","embeddable":true,"href":"https:\/\/ostrowskatv.pl\/index.php?rest_route=%2Fwp%2Fv2%2Ftags&post=11679"}],"curies":[{"name":"wp","href":"https:\/\/api.w.org\/{rel}","templated":true}]}}