{"id":11673,"date":"2020-04-07T07:54:15","date_gmt":"2020-04-07T06:54:15","guid":{"rendered":"http:\/\/ostrowska.tv\/?p=11673"},"modified":"2020-04-07T10:18:38","modified_gmt":"2020-04-07T09:18:38","slug":"pacjenci-z-krotoszyna-zarazili-ludzi-z-pleszewa","status":"publish","type":"post","link":"https:\/\/ostrowskatv.pl\/?p=11673","title":{"rendered":"Pacjenci z Krotoszyna zarazili ludzi z Pleszewa?"},"content":{"rendered":"<p><strong>A\u017c 23 pacjent\u00f3w i 6 os\u00f3b z personelu oddzia\u0142u paliatywnego w pleszewskim szpitalu zosta\u0142o zara\u017conych koronawirusem. Najprawdopodobniej jest to skutek przekazania dw\u00f3ch pacjent\u00f3w, w ostatnich dniach marca, z Krotoszyna do pleszewskiego szpitala. Po kilku dniach wszyscy pacjenci oddzia\u0142u paliatywnego z Pleszewa mieli ju\u017c w sobie wirusa. W poniedzia\u0142ek tylko 5 os\u00f3b mia\u0142o wyra\u017ane objawy, charakterystyczne dla Koronawirusa, tj. kaszel, gor\u0105czka, duszno\u015bci.<\/strong><\/p>\n<p>Trafienie koronawirusa na oddzia\u0142 paliatywny lub do Domu Pomocy Spo\u0142ecznej jest bardzo niebezpieczne. To cz\u0119sto tutaj przebywaj\u0105 osoby w bardzo podesz\u0142ym wieku, u skraju \u017cycia. Ich organizmy po zetkni\u0119ciu z SARS-CoV-2 mog\u0105 sobie nie poradzi\u0107.<\/p>\n<p>Sytuacja z Pleszewa, a tak\u017ce te z innych szpitali i DPS w Polsce pokazuje, \u017ce naj\u0142atwiej wirusem mo\u017cna zarazi\u0107 si\u0119 w szpitalu. W miejscu, gdzie powinno by\u0107 sterylnie i bezpiecznie. Nasuwaj\u0105 si\u0119 pytania jaki b\u0142\u0105d kto\u015b pope\u0142ni\u0142 lub co mo\u017cna by\u0142o zrobi\u0107 lepiej, by unikn\u0105\u0107 rozwoju wirusa w\u015br\u00f3d pacjent\u00f3w. Nasuwa si\u0119 do\u015b\u0107 logiczny wniosek, \u017ce kto\u015b z personelu musia\u0142 przenie\u015b\u0107 wirusa z dw\u00f3ch zara\u017conych pacjent\u00f3w z Krotoszyna na pozosta\u0142ych le\u017c\u0105cych ju\u017c d\u0142u\u017cej w Pleszewie, kt\u00f3rzy byli do tej pory zdrowi.<\/p>\n<p>Jeden z zara\u017conych pacjent\u00f3w z Krotoszyna, a p\u00f3\u017aniej przewiezionych do Pleszewa, zmar\u0142 w ostatnich dniach. Pozostali pacjenci z pleszewskiego oddzia\u0142u paliatywnego s\u0105 przewo\u017ceni do szpitala zaka\u017anego w Poznaniu.<\/p>\n","protected":false},"excerpt":{"rendered":"A\u017c 23 pacjent\u00f3w i 6 os\u00f3b z personelu oddzia\u0142u paliatywnego w pleszewskim szpitalu zosta\u0142o zara\u017conych koronawirusem. Najprawdopodobniej jest to skutek przekazania dw\u00f3ch pacjent\u00f3w, \n<a class=\"moretag\" href=\"https:\/\/ostrowskatv.pl\/?p=11673\"> [...]<\/a>","protected":false},"author":1,"featured_media":11674,"comment_status":"open","ping_status":"closed","sticky":false,"template":"","format":"standard","meta":{"footnotes":""},"categories":[1],"tags":[111],"class_list":["post-11673","post","type-post","status-publish","format-standard","has-post-thumbnail","hentry","category-news","tag-pleszew"],"_links":{"self":[{"href":"https:\/\/ostrowskatv.pl\/index.php?rest_route=\/wp\/v2\/posts\/11673","targetHints":{"allow":["GET"]}}],"collection":[{"href":"https:\/\/ostrowskatv.pl\/index.php?rest_route=\/wp\/v2\/posts"}],"about":[{"href":"https:\/\/ostrowskatv.pl\/index.php?rest_route=\/wp\/v2\/types\/post"}],"author":[{"embeddable":true,"href":"https:\/\/ostrowskatv.pl\/index.php?rest_route=\/wp\/v2\/users\/1"}],"replies":[{"embeddable":true,"href":"https:\/\/ostrowskatv.pl\/index.php?rest_route=%2Fwp%2Fv2%2Fcomments&post=11673"}],"version-history":[{"count":0,"href":"https:\/\/ostrowskatv.pl\/index.php?rest_route=\/wp\/v2\/posts\/11673\/revisions"}],"wp:featuredmedia":[{"embeddable":true,"href":"https:\/\/ostrowskatv.pl\/index.php?rest_route=\/wp\/v2\/media\/11674"}],"wp:attachment":[{"href":"https:\/\/ostrowskatv.pl\/index.php?rest_route=%2Fwp%2Fv2%2Fmedia&parent=11673"}],"wp:term":[{"taxonomy":"category","embeddable":true,"href":"https:\/\/ostrowskatv.pl\/index.php?rest_route=%2Fwp%2Fv2%2Fcategories&post=11673"},{"taxonomy":"post_tag","embeddable":true,"href":"https:\/\/ostrowskatv.pl\/index.php?rest_route=%2Fwp%2Fv2%2Ftags&post=11673"}],"curies":[{"name":"wp","href":"https:\/\/api.w.org\/{rel}","templated":true}]}}