{"id":11670,"date":"2020-04-05T23:23:49","date_gmt":"2020-04-05T22:23:49","guid":{"rendered":"http:\/\/ostrowska.tv\/?p=11670"},"modified":"2020-04-05T23:23:49","modified_gmt":"2020-04-05T22:23:49","slug":"w-krotoszynie-jest-najwiecej-zakazen-to-wina-krotoszynskiego-szpitala","status":"publish","type":"post","link":"https:\/\/ostrowskatv.pl\/?p=11670","title":{"rendered":"&#8222;W Krotoszynie jest najwi\u0119cej zaka\u017ce\u0144. To wina krotoszy\u0144skiego szpitala&#8221;"},"content":{"rendered":"<p><strong>&#8222;Sytuacja w Krotoszynie jest obecnie najgorsza, je\u017celi chodzi o liczb\u0119 zaka\u017ce\u0144 koronawirusem w Wielkopolsce. Win\u0119 za zaniedbania ponosi szpital w Krotoszynie, bo tam by\u0142o g\u0142\u00f3wne ognisko zara\u017ce\u0144&#8221; &#8211; poinformowa\u0142 w niedziel\u0119 PAP wojewoda wielkopolski \u0141ukasz Miko\u0142ajczyk. \u201eSpodziewamy si\u0119, \u017ce b\u0119dzie ich jeszcze wi\u0119cej\u201d \u2013 doda\u0142.<\/strong><\/p>\n<p>W zwi\u0105zku z zaistnia\u0142\u0105 sytuacj\u0105 na poniedzia\u0142ek zwo\u0142a\u0142em wideokonferencj\u0119 z w\u0142odarzami r\u00f3\u017cnych krotoszy\u0144skich instytucji &#8211; burmistrzem, starost\u0105, dyrektorem szpitala, s\u0142u\u017cbami sanitarnymi i policj\u0105. Z jednej strony chcia\u0142bym us\u0142ysze\u0107 raport o dzia\u0142aniach, podj\u0119tych przez samorz\u0105d i dowiedzie\u0107 si\u0119 o ewentualnych oczekiwaniach wobec wojewody. B\u0119d\u0119 te\u017c rozmawia\u0107 o mo\u017cliwych scenariuszach i dzia\u0142aniach, aby ograniczy\u0107 zjawisko wyst\u0119powania koronawirusa w Krotoszynie &#8211; skomentowa\u0142 Miko\u0142ajczyk.<\/p>\n<p>Doda\u0142, \u017ce teraz najwa\u017cniejszy jest apel do mieszka\u0144c\u00f3w powiatu krotoszy\u0144skiego o przestrzeganiu zalece\u0144 rz\u0105du w walce z koronawirusem. Dosz\u0142y mnie s\u0142uchy, \u017ce cz\u0119\u015b\u0107 z nich wyje\u017cd\u017ca na zakupy do o\u015bciennych powiat\u00f3w. A to jest niedopuszczalne, bo teraz trzeba ograniczy\u0107 t\u0119 form\u0119 aktywno\u015bci &#8211; oceni\u0142 wojewoda.<\/p>\n<p>Krotoszy\u0144ski szpital rozpocz\u0105\u0142 jeszcze w niedziel\u0119 ewakuacj\u0119 pacjent\u00f3w z oddzia\u0142u paliatywnego. 5 kwietnia jeden z pacjent\u00f3w zmar\u0142. Pi\u0119\u0107 os\u00f3b z personelu r\u00f3wnie\u017c si\u0119 zakazi\u0142o. <\/p>\n<p>&#8211; Wewn\u0105trz budynku od rana znajdowa\u0142o si\u0119 23 chorych i 7 os\u00f3b personelu.<br \/>\nW\u015br\u00f3d chorych badania wykaza\u0142y 17 wynik\u00f3w pozytywnych, 1 wynik ujemny, na 5 wynik\u00f3w nadal czekamy.  &#8211; komentuje S\u0142awomir Pa\u0142asz z krotoszy\u0144skiego szpitala (na zdj\u0119ciu). <\/p>\n<p>W Wielkopolsce do tej pory odnotowano 275 przypadk\u00f3w zaka\u017cenia koronawirusem, w tym 82 to mieszka\u0144cy powiatu krotoszy\u0144skiego; 14 os\u00f3b zmar\u0142o. <\/p>\n","protected":false},"excerpt":{"rendered":"&#8222;Sytuacja w Krotoszynie jest obecnie najgorsza, je\u017celi chodzi o liczb\u0119 zaka\u017ce\u0144 koronawirusem w Wielkopolsce. Win\u0119 za zaniedbania ponosi szpital w Krotoszynie, bo tam \n<a class=\"moretag\" href=\"https:\/\/ostrowskatv.pl\/?p=11670\"> [...]<\/a>","protected":false},"author":1,"featured_media":11671,"comment_status":"open","ping_status":"closed","sticky":false,"template":"","format":"standard","meta":{"footnotes":""},"categories":[1],"tags":[143],"class_list":["post-11670","post","type-post","status-publish","format-standard","has-post-thumbnail","hentry","category-news","tag-powiat-krotoszynski"],"_links":{"self":[{"href":"https:\/\/ostrowskatv.pl\/index.php?rest_route=\/wp\/v2\/posts\/11670","targetHints":{"allow":["GET"]}}],"collection":[{"href":"https:\/\/ostrowskatv.pl\/index.php?rest_route=\/wp\/v2\/posts"}],"about":[{"href":"https:\/\/ostrowskatv.pl\/index.php?rest_route=\/wp\/v2\/types\/post"}],"author":[{"embeddable":true,"href":"https:\/\/ostrowskatv.pl\/index.php?rest_route=\/wp\/v2\/users\/1"}],"replies":[{"embeddable":true,"href":"https:\/\/ostrowskatv.pl\/index.php?rest_route=%2Fwp%2Fv2%2Fcomments&post=11670"}],"version-history":[{"count":0,"href":"https:\/\/ostrowskatv.pl\/index.php?rest_route=\/wp\/v2\/posts\/11670\/revisions"}],"wp:featuredmedia":[{"embeddable":true,"href":"https:\/\/ostrowskatv.pl\/index.php?rest_route=\/wp\/v2\/media\/11671"}],"wp:attachment":[{"href":"https:\/\/ostrowskatv.pl\/index.php?rest_route=%2Fwp%2Fv2%2Fmedia&parent=11670"}],"wp:term":[{"taxonomy":"category","embeddable":true,"href":"https:\/\/ostrowskatv.pl\/index.php?rest_route=%2Fwp%2Fv2%2Fcategories&post=11670"},{"taxonomy":"post_tag","embeddable":true,"href":"https:\/\/ostrowskatv.pl\/index.php?rest_route=%2Fwp%2Fv2%2Ftags&post=11670"}],"curies":[{"name":"wp","href":"https:\/\/api.w.org\/{rel}","templated":true}]}}