{"id":11665,"date":"2020-04-05T18:35:33","date_gmt":"2020-04-05T17:35:33","guid":{"rendered":"http:\/\/ostrowska.tv\/?p=11665"},"modified":"2020-04-05T18:35:33","modified_gmt":"2020-04-05T17:35:33","slug":"mozliwe-zamkniecie-krotoszyna-lub-calego-powiatu","status":"publish","type":"post","link":"https:\/\/ostrowskatv.pl\/?p=11665","title":{"rendered":"Mo\u017cliwe zamkni\u0119cie Krotoszyna lub ca\u0142ego powiatu"},"content":{"rendered":"<p><strong>Po tym jak w krotoszy\u0144skim szpitalu zamkni\u0119to wi\u0119kszo\u015b\u0107 oddzia\u0142\u00f3w, a tak\u017ce zamkni\u0119to komend\u0119 policji, rozwa\u017ca si\u0119 ca\u0142kowite zamkni\u0119cie miasta lub powiatu krotoszy\u0144skiego. <\/strong><\/p>\n<p>W niedziel\u0119 zamkni\u0119to komend\u0119 policji w Krotoszynie po stwierdzeniu zaka\u017cenia koronawirusem u 7 funkcjonariuszy. Wcze\u015bniej zostawiono tylko dwa oddzia\u0142y w krotoszy\u0144skim szpitalu po stwierdzeniu covid-19 u personelu medycznego oraz pacjent\u00f3w.<\/p>\n<p>Wojewoda wielkopolski \u0141ukasz Miko\u0142ajczyk dostrzega pewne nieprawid\u0142owo\u015bci w funkcjoniwaniu lokalnych s\u0142u\u017cb. Zwo\u0142a\u0142 na jutro na godz. 10.00 piln\u0105 wideokonferencj\u0119. <\/p>\n<p>Radio SUD zapyta\u0142o wojewod\u0119 czy rozwa\u017cane jest zamkni\u0119cie Krotoszyna, a nawet ca\u0142ego powiatu z powodu epidemii i znacz\u0105cenu wzrostowi liczby zara\u017ce\u0144 w\u015br\u00f3d mieszka\u0144c\u00f3w.<\/p>\n<p><strong>Istnieje obawa, \u017ce mieszka\u0144cy zostan\u0105 odizolowani, a powiat krotoszy\u0144ski praktycznie zamkni\u0119ty?<\/strong><br \/>\n&#8211; Nie wykluczamy \u017cadnych mo\u017cliwo\u015bci. Dla nas istotne jest to, aby mieszka\u0144cy powiatu krotoszy\u0144skiego mieli w sobie bardzo du\u017co dyscypliny i zdrowego rozs\u0105dku. Niestety ocieraj\u0105 do nas g\u0142osy, \u017ce wielu mieszka\u0144c\u00f3w powiatu krotoszy\u0144skiego przemieszcza si\u0119 do innych powiat\u00f3w, robi\u0105c tam zakupy. Mamy \u015bwiadomo\u015b\u0107, \u017ce skala zachorowa\u0144 w powiecie krotoszy\u0144skim jest bardzo du\u017ca, a jednocze\u015bnie liczba kontakt\u00f3w os\u00f3b \u201edodatnich\u201d jest bardzo szeroka. Nawet, gdy kto\u015b czuje si\u0119 dobrze w tej chwili, to nie ma pewno\u015bci, \u017ce nie jest zara\u017cony koronawirusem i tym samym nie zara\u017ca kolejnych os\u00f3b.<\/p>\n<p><strong>Czy to prawda, \u017ce do Krotoszyna zmierza wojsko?<\/strong><br \/>\n&#8211; W tej chwili to nie ma to jeszcze miejsca, natomiast mamy Wojska Obrony Terytorialnej, mamy wiele innych s\u0142u\u017cb podleg\u0142ych wojewodzie. Jestem w sta\u0142ym kontakcie z komendantem wojew\u00f3dzkim policji, po tym jak zamkni\u0119ta komend\u0119 policji w Krotoszynie. Na pewno ta ci\u0105g\u0142o\u015b\u0107 funkcjonowania s\u0142u\u017cb mundurowych b\u0119dzie zachowana.<\/p>\n<div id='gallery-1' class='gallery galleryid-11665 gallery-columns-3 gallery-size-thumbnail'><figure class='gallery-item'>\n\t\t\t<div class='gallery-icon landscape'>\n\t\t\t\t<a href='https:\/\/ostrowskatv.pl\/?attachment_id=11666'><img loading=\"lazy\" decoding=\"async\" width=\"150\" height=\"150\" src=\"https:\/\/ostrowskatv.pl\/wp-content\/uploads\/2020\/04\/screen_2512d948ff4cd285_1586088692000-01-150x150.jpeg\" class=\"attachment-thumbnail size-thumbnail\" alt=\"\" \/><\/a>\n\t\t\t<\/div><\/figure><figure class='gallery-item'>\n\t\t\t<div class='gallery-icon landscape'>\n\t\t\t\t<a href='https:\/\/ostrowskatv.pl\/?attachment_id=11667'><img loading=\"lazy\" decoding=\"async\" width=\"150\" height=\"150\" src=\"https:\/\/ostrowskatv.pl\/wp-content\/uploads\/2020\/04\/screen_ee31ccebddf5a6f9_1586088668000-01-150x150.jpeg\" class=\"attachment-thumbnail size-thumbnail\" alt=\"\" \/><\/a>\n\t\t\t<\/div><\/figure><figure class='gallery-item'>\n\t\t\t<div class='gallery-icon landscape'>\n\t\t\t\t<a href='https:\/\/ostrowskatv.pl\/?attachment_id=11668'><img loading=\"lazy\" decoding=\"async\" width=\"150\" height=\"150\" src=\"https:\/\/ostrowskatv.pl\/wp-content\/uploads\/2020\/04\/screen_2bd82e10f78918b0_1586088474000-01-150x150.jpeg\" class=\"attachment-thumbnail size-thumbnail\" alt=\"\" \/><\/a>\n\t\t\t<\/div><\/figure>\n\t\t<\/div>\n\n","protected":false},"excerpt":{"rendered":"Po tym jak w krotoszy\u0144skim szpitalu zamkni\u0119to wi\u0119kszo\u015b\u0107 oddzia\u0142\u00f3w, a tak\u017ce zamkni\u0119to komend\u0119 policji, rozwa\u017ca si\u0119 ca\u0142kowite zamkni\u0119cie miasta lub powiatu krotoszy\u0144skiego. W \n<a class=\"moretag\" href=\"https:\/\/ostrowskatv.pl\/?p=11665\"> [...]<\/a>","protected":false},"author":1,"featured_media":11667,"comment_status":"open","ping_status":"closed","sticky":false,"template":"","format":"standard","meta":{"footnotes":""},"categories":[1],"tags":[100],"class_list":["post-11665","post","type-post","status-publish","format-standard","has-post-thumbnail","hentry","category-news","tag-krotoszyn"],"_links":{"self":[{"href":"https:\/\/ostrowskatv.pl\/index.php?rest_route=\/wp\/v2\/posts\/11665","targetHints":{"allow":["GET"]}}],"collection":[{"href":"https:\/\/ostrowskatv.pl\/index.php?rest_route=\/wp\/v2\/posts"}],"about":[{"href":"https:\/\/ostrowskatv.pl\/index.php?rest_route=\/wp\/v2\/types\/post"}],"author":[{"embeddable":true,"href":"https:\/\/ostrowskatv.pl\/index.php?rest_route=\/wp\/v2\/users\/1"}],"replies":[{"embeddable":true,"href":"https:\/\/ostrowskatv.pl\/index.php?rest_route=%2Fwp%2Fv2%2Fcomments&post=11665"}],"version-history":[{"count":0,"href":"https:\/\/ostrowskatv.pl\/index.php?rest_route=\/wp\/v2\/posts\/11665\/revisions"}],"wp:featuredmedia":[{"embeddable":true,"href":"https:\/\/ostrowskatv.pl\/index.php?rest_route=\/wp\/v2\/media\/11667"}],"wp:attachment":[{"href":"https:\/\/ostrowskatv.pl\/index.php?rest_route=%2Fwp%2Fv2%2Fmedia&parent=11665"}],"wp:term":[{"taxonomy":"category","embeddable":true,"href":"https:\/\/ostrowskatv.pl\/index.php?rest_route=%2Fwp%2Fv2%2Fcategories&post=11665"},{"taxonomy":"post_tag","embeddable":true,"href":"https:\/\/ostrowskatv.pl\/index.php?rest_route=%2Fwp%2Fv2%2Ftags&post=11665"}],"curies":[{"name":"wp","href":"https:\/\/api.w.org\/{rel}","templated":true}]}}