{"id":11654,"date":"2020-04-03T18:21:08","date_gmt":"2020-04-03T17:21:08","guid":{"rendered":"http:\/\/ostrowska.tv\/?p=11654"},"modified":"2020-04-03T18:21:08","modified_gmt":"2020-04-03T17:21:08","slug":"kolizja-na-rondzie-bankowym-3-kwietnia-2020-chrysler-i-toyota","status":"publish","type":"post","link":"https:\/\/ostrowskatv.pl\/?p=11654","title":{"rendered":"Kolizja na Rondzie Bankowym &#8211; 3 kwietnia 2020 &#8211; Chrysler i Toyota"},"content":{"rendered":"<p><strong>W pi\u0105tek o godz. 18.15 dosz\u0142o do zderzenia dw\u00f3ch aut osobowych na wyje\u017adzie z Ronda Bankowego. Kierowca Toyoty jad\u0105c wewn\u0119trznym pasem nie ust\u0105pi\u0142 pierwsze\u0144stwa kierowcy Chryslera, r\u00f3wnie\u017c zje\u017cd\u017caj\u0105cemu w ulic\u0119 Wroc\u0142awsk\u0105. Czy kierowca Vana m\u00f3g\u0142 unikn\u0105\u0107 kolizji?<\/strong><\/p>\n<p><iframe loading=\"lazy\" title=\"Kolizja na rondzie bankowym - 3 kwietnia 2020\" width=\"747\" height=\"420\" src=\"https:\/\/www.youtube.com\/embed\/TmbBD_e7MgA?feature=oembed\" frameborder=\"0\" allow=\"accelerometer; autoplay; clipboard-write; encrypted-media; gyroscope; picture-in-picture; web-share\" referrerpolicy=\"strict-origin-when-cross-origin\" allowfullscreen><\/iframe><\/p>\n","protected":false},"excerpt":{"rendered":"W pi\u0105tek o godz. 18.15 dosz\u0142o do zderzenia dw\u00f3ch aut osobowych na wyje\u017adzie z Ronda Bankowego. Kierowca Toyoty jad\u0105c wewn\u0119trznym pasem nie ust\u0105pi\u0142 \n<a class=\"moretag\" href=\"https:\/\/ostrowskatv.pl\/?p=11654\"> [...]<\/a>","protected":false},"author":1,"featured_media":11655,"comment_status":"open","ping_status":"closed","sticky":false,"template":"","format":"standard","meta":{"footnotes":""},"categories":[1],"tags":[2],"class_list":["post-11654","post","type-post","status-publish","format-standard","has-post-thumbnail","hentry","category-news","tag-ostrow-wielkopolski"],"_links":{"self":[{"href":"https:\/\/ostrowskatv.pl\/index.php?rest_route=\/wp\/v2\/posts\/11654","targetHints":{"allow":["GET"]}}],"collection":[{"href":"https:\/\/ostrowskatv.pl\/index.php?rest_route=\/wp\/v2\/posts"}],"about":[{"href":"https:\/\/ostrowskatv.pl\/index.php?rest_route=\/wp\/v2\/types\/post"}],"author":[{"embeddable":true,"href":"https:\/\/ostrowskatv.pl\/index.php?rest_route=\/wp\/v2\/users\/1"}],"replies":[{"embeddable":true,"href":"https:\/\/ostrowskatv.pl\/index.php?rest_route=%2Fwp%2Fv2%2Fcomments&post=11654"}],"version-history":[{"count":0,"href":"https:\/\/ostrowskatv.pl\/index.php?rest_route=\/wp\/v2\/posts\/11654\/revisions"}],"wp:featuredmedia":[{"embeddable":true,"href":"https:\/\/ostrowskatv.pl\/index.php?rest_route=\/wp\/v2\/media\/11655"}],"wp:attachment":[{"href":"https:\/\/ostrowskatv.pl\/index.php?rest_route=%2Fwp%2Fv2%2Fmedia&parent=11654"}],"wp:term":[{"taxonomy":"category","embeddable":true,"href":"https:\/\/ostrowskatv.pl\/index.php?rest_route=%2Fwp%2Fv2%2Fcategories&post=11654"},{"taxonomy":"post_tag","embeddable":true,"href":"https:\/\/ostrowskatv.pl\/index.php?rest_route=%2Fwp%2Fv2%2Ftags&post=11654"}],"curies":[{"name":"wp","href":"https:\/\/api.w.org\/{rel}","templated":true}]}}