{"id":11652,"date":"2020-04-01T09:14:15","date_gmt":"2020-04-01T08:14:15","guid":{"rendered":"http:\/\/ostrowska.tv\/?p=11652"},"modified":"2020-04-01T09:14:15","modified_gmt":"2020-04-01T08:14:15","slug":"czy-karetka-przyczynila-sie-do-kolizji","status":"publish","type":"post","link":"https:\/\/ostrowskatv.pl\/?p=11652","title":{"rendered":"Czy karetka przyczyni\u0142a si\u0119 do kolizji?"},"content":{"rendered":"<p><strong>O poranku dosz\u0142o do kolizji na skrzy\u017cowaniu Pozna\u0144ska &#8211; Krotoszy\u0144ska w Ostrowie Wielkopolskim. Do zdarzenia mog\u0142a przyczyni\u0107 si\u0119 jad\u0105ca na sygnale karetka.\u00a0<\/strong><\/p>\n<p>Dwa auta osobowe jecha\u0142y ulic\u0105 Krotoszy\u0144sk\u0105 w stron\u0119 centrum. Ulic\u0105 Pozna\u0144sk\u0105 zbli\u017ca\u0142a si\u0119 karetka na sygna\u0142ach swietlno-d\u017awi\u0119kowych.<\/p>\n<p>Kieruj\u0105ca Toyot\u0105 auris widz\u0105c nadje\u017cd\u017caj\u0105cy ambulans i maj\u0105c zielone \u015bwiat\u0142o na sygnalizatorze, zacz\u0119\u0142a zwalnia\u0107. Jad\u0105cy za ni\u0105 kierowca Audi stwierdzi\u0142, \u017ce karetka nadje\u017cd\u017ca tak szybko, \u017ce mo\u017ce uderzy\u0107 w jego bok. Podj\u0105\u0142 manewr obronny i skupiaj\u0105c si\u0119 na ucieczce przed karetk\u0105, nie zauwa\u017cy\u0142 hamuj\u0105cej Toyoty.<\/p>\n<p>Kierowca Audi rozwa\u017ca\u0142 ch\u0119\u0107 walki o sprawiedliwo\u015b\u0107 w s\u0105dzie, ale ostatecznie przyj\u0105\u0142 mandat karny w wysoko\u015bci 250 z\u0142.<\/p>\n<p>Oba auta, z powodu uszkodze\u0144, musia\u0142y zosta\u0107 odholowane.<\/p>\n<div id='gallery-1' class='gallery galleryid-11652 gallery-columns-3 gallery-size-thumbnail'><figure class='gallery-item'>\n\t\t\t<div class='gallery-icon landscape'>\n\t\t\t\t<a href='https:\/\/ostrowskatv.pl\/?attachment_id=11651'><img loading=\"lazy\" decoding=\"async\" width=\"150\" height=\"150\" src=\"https:\/\/ostrowskatv.pl\/wp-content\/uploads\/2020\/04\/IMG_20200401_080432-01-150x150.jpeg\" class=\"attachment-thumbnail size-thumbnail\" alt=\"\" \/><\/a>\n\t\t\t<\/div><\/figure><figure class='gallery-item'>\n\t\t\t<div class='gallery-icon landscape'>\n\t\t\t\t<a href='https:\/\/ostrowskatv.pl\/?attachment_id=11650'><img loading=\"lazy\" decoding=\"async\" width=\"150\" height=\"150\" src=\"https:\/\/ostrowskatv.pl\/wp-content\/uploads\/2020\/04\/IMG_20200401_080456-01-150x150.jpeg\" class=\"attachment-thumbnail size-thumbnail\" alt=\"\" \/><\/a>\n\t\t\t<\/div><\/figure>\n\t\t<\/div>\n\n","protected":false},"excerpt":{"rendered":"O poranku dosz\u0142o do kolizji na skrzy\u017cowaniu Pozna\u0144ska &#8211; Krotoszy\u0144ska w Ostrowie Wielkopolskim. Do zdarzenia mog\u0142a przyczyni\u0107 si\u0119 jad\u0105ca na sygnale karetka.\u00a0 Dwa \n<a class=\"moretag\" href=\"https:\/\/ostrowskatv.pl\/?p=11652\"> [...]<\/a>","protected":false},"author":1,"featured_media":11650,"comment_status":"open","ping_status":"closed","sticky":false,"template":"","format":"standard","meta":{"footnotes":""},"categories":[1],"tags":[2],"class_list":["post-11652","post","type-post","status-publish","format-standard","has-post-thumbnail","hentry","category-news","tag-ostrow-wielkopolski"],"_links":{"self":[{"href":"https:\/\/ostrowskatv.pl\/index.php?rest_route=\/wp\/v2\/posts\/11652","targetHints":{"allow":["GET"]}}],"collection":[{"href":"https:\/\/ostrowskatv.pl\/index.php?rest_route=\/wp\/v2\/posts"}],"about":[{"href":"https:\/\/ostrowskatv.pl\/index.php?rest_route=\/wp\/v2\/types\/post"}],"author":[{"embeddable":true,"href":"https:\/\/ostrowskatv.pl\/index.php?rest_route=\/wp\/v2\/users\/1"}],"replies":[{"embeddable":true,"href":"https:\/\/ostrowskatv.pl\/index.php?rest_route=%2Fwp%2Fv2%2Fcomments&post=11652"}],"version-history":[{"count":0,"href":"https:\/\/ostrowskatv.pl\/index.php?rest_route=\/wp\/v2\/posts\/11652\/revisions"}],"wp:featuredmedia":[{"embeddable":true,"href":"https:\/\/ostrowskatv.pl\/index.php?rest_route=\/wp\/v2\/media\/11650"}],"wp:attachment":[{"href":"https:\/\/ostrowskatv.pl\/index.php?rest_route=%2Fwp%2Fv2%2Fmedia&parent=11652"}],"wp:term":[{"taxonomy":"category","embeddable":true,"href":"https:\/\/ostrowskatv.pl\/index.php?rest_route=%2Fwp%2Fv2%2Fcategories&post=11652"},{"taxonomy":"post_tag","embeddable":true,"href":"https:\/\/ostrowskatv.pl\/index.php?rest_route=%2Fwp%2Fv2%2Ftags&post=11652"}],"curies":[{"name":"wp","href":"https:\/\/api.w.org\/{rel}","templated":true}]}}