{"id":11640,"date":"2020-03-31T20:57:06","date_gmt":"2020-03-31T19:57:06","guid":{"rendered":"http:\/\/ostrowska.tv\/?p=11640"},"modified":"2020-03-31T20:57:06","modified_gmt":"2020-03-31T19:57:06","slug":"pozar-w-znanej-firmie-przy-ul-odolanowskiej","status":"publish","type":"post","link":"https:\/\/ostrowskatv.pl\/?p=11640","title":{"rendered":"Po\u017car w znanej firmie przy ul. Odolanowskiej"},"content":{"rendered":"<p><strong>We wtorek po godz. 21.30 dosz\u0142o do zadymienia w jednej z hal produkcyjnych nale\u017c\u0105cych do znanej firmy z bran\u017cy drzewnej. Na miejsce zadysponowano kilka jednostek stra\u017cy po\u017carnej.<\/strong><\/p>\n<p>Na miejscu potwierdzono du\u017ce zadymienie w hali. Przyst\u0105piono do oddymiania hali i lokalizacji \u017ar\u00f3d\u0142a dymu. Znaleziono je pod jedn\u0105 z maszyn CNC, pod kt\u00f3r\u0105 w wyniku zwarcia zapali\u0142y si\u0119 trociny.<\/p>\n<p>W zdarzeniu nikt nie ucierpia\u0142.<\/p>\n<div id='gallery-1' class='gallery galleryid-11640 gallery-columns-3 gallery-size-thumbnail'><figure class='gallery-item'>\n\t\t\t<div class='gallery-icon landscape'>\n\t\t\t\t<a href='https:\/\/ostrowskatv.pl\/?attachment_id=11641'><img loading=\"lazy\" decoding=\"async\" width=\"150\" height=\"150\" src=\"https:\/\/ostrowskatv.pl\/wp-content\/uploads\/2020\/03\/IMG_20200331_215003-01-150x150.jpeg\" class=\"attachment-thumbnail size-thumbnail\" alt=\"\" \/><\/a>\n\t\t\t<\/div><\/figure><figure class='gallery-item'>\n\t\t\t<div class='gallery-icon landscape'>\n\t\t\t\t<a href='https:\/\/ostrowskatv.pl\/?attachment_id=11642'><img loading=\"lazy\" decoding=\"async\" width=\"150\" height=\"150\" src=\"https:\/\/ostrowskatv.pl\/wp-content\/uploads\/2020\/03\/IMG_20200331_214952-01-150x150.jpeg\" class=\"attachment-thumbnail size-thumbnail\" alt=\"\" \/><\/a>\n\t\t\t<\/div><\/figure>\n\t\t<\/div>\n\n","protected":false},"excerpt":{"rendered":"We wtorek po godz. 21.30 dosz\u0142o do zadymienia w jednej z hal produkcyjnych nale\u017c\u0105cych do znanej firmy z bran\u017cy drzewnej. Na miejsce zadysponowano \n<a class=\"moretag\" href=\"https:\/\/ostrowskatv.pl\/?p=11640\"> [...]<\/a>","protected":false},"author":1,"featured_media":11642,"comment_status":"open","ping_status":"closed","sticky":false,"template":"","format":"standard","meta":{"footnotes":""},"categories":[1],"tags":[2],"class_list":["post-11640","post","type-post","status-publish","format-standard","has-post-thumbnail","hentry","category-news","tag-ostrow-wielkopolski"],"_links":{"self":[{"href":"https:\/\/ostrowskatv.pl\/index.php?rest_route=\/wp\/v2\/posts\/11640","targetHints":{"allow":["GET"]}}],"collection":[{"href":"https:\/\/ostrowskatv.pl\/index.php?rest_route=\/wp\/v2\/posts"}],"about":[{"href":"https:\/\/ostrowskatv.pl\/index.php?rest_route=\/wp\/v2\/types\/post"}],"author":[{"embeddable":true,"href":"https:\/\/ostrowskatv.pl\/index.php?rest_route=\/wp\/v2\/users\/1"}],"replies":[{"embeddable":true,"href":"https:\/\/ostrowskatv.pl\/index.php?rest_route=%2Fwp%2Fv2%2Fcomments&post=11640"}],"version-history":[{"count":0,"href":"https:\/\/ostrowskatv.pl\/index.php?rest_route=\/wp\/v2\/posts\/11640\/revisions"}],"wp:featuredmedia":[{"embeddable":true,"href":"https:\/\/ostrowskatv.pl\/index.php?rest_route=\/wp\/v2\/media\/11642"}],"wp:attachment":[{"href":"https:\/\/ostrowskatv.pl\/index.php?rest_route=%2Fwp%2Fv2%2Fmedia&parent=11640"}],"wp:term":[{"taxonomy":"category","embeddable":true,"href":"https:\/\/ostrowskatv.pl\/index.php?rest_route=%2Fwp%2Fv2%2Fcategories&post=11640"},{"taxonomy":"post_tag","embeddable":true,"href":"https:\/\/ostrowskatv.pl\/index.php?rest_route=%2Fwp%2Fv2%2Ftags&post=11640"}],"curies":[{"name":"wp","href":"https:\/\/api.w.org\/{rel}","templated":true}]}}