{"id":11500,"date":"2020-03-04T13:08:09","date_gmt":"2020-03-04T12:08:09","guid":{"rendered":"http:\/\/ostrowska.tv\/?p=11500"},"modified":"2020-03-04T13:08:09","modified_gmt":"2020-03-04T12:08:09","slug":"koronawirus-w-mikstacie","status":"publish","type":"post","link":"https:\/\/ostrowskatv.pl\/?p=11500","title":{"rendered":"Koronawirus w Mikstacie?"},"content":{"rendered":"<p><strong>Rano na terenie Mikstatu wdro\u017cono procedur\u0119 przewidzian\u0105 dla pacjent\u00f3w podejrzewanych o zara\u017cenie koronawirusem. Jedna z os\u00f3b mia\u0142a dusz\u0105cy kaszel i krwioplucie. Karetka z podstacji w Grabowie nad Prosn\u0105 pojecha\u0142a i zabra\u0142a pacjenta i zawioz\u0142a go do szpitala zaka\u017anego w Koninie.<\/strong><\/p>\n","protected":false},"excerpt":{"rendered":"Rano na terenie Mikstatu wdro\u017cono procedur\u0119 przewidzian\u0105 dla pacjent\u00f3w podejrzewanych o zara\u017cenie koronawirusem. Jedna z os\u00f3b mia\u0142a dusz\u0105cy kaszel i krwioplucie. Karetka z \n<a class=\"moretag\" href=\"https:\/\/ostrowskatv.pl\/?p=11500\"> [...]<\/a>","protected":false},"author":1,"featured_media":11499,"comment_status":"open","ping_status":"closed","sticky":false,"template":"","format":"standard","meta":{"footnotes":""},"categories":[1],"tags":[141],"class_list":["post-11500","post","type-post","status-publish","format-standard","has-post-thumbnail","hentry","category-news","tag-mikstat"],"_links":{"self":[{"href":"https:\/\/ostrowskatv.pl\/index.php?rest_route=\/wp\/v2\/posts\/11500","targetHints":{"allow":["GET"]}}],"collection":[{"href":"https:\/\/ostrowskatv.pl\/index.php?rest_route=\/wp\/v2\/posts"}],"about":[{"href":"https:\/\/ostrowskatv.pl\/index.php?rest_route=\/wp\/v2\/types\/post"}],"author":[{"embeddable":true,"href":"https:\/\/ostrowskatv.pl\/index.php?rest_route=\/wp\/v2\/users\/1"}],"replies":[{"embeddable":true,"href":"https:\/\/ostrowskatv.pl\/index.php?rest_route=%2Fwp%2Fv2%2Fcomments&post=11500"}],"version-history":[{"count":0,"href":"https:\/\/ostrowskatv.pl\/index.php?rest_route=\/wp\/v2\/posts\/11500\/revisions"}],"wp:featuredmedia":[{"embeddable":true,"href":"https:\/\/ostrowskatv.pl\/index.php?rest_route=\/wp\/v2\/media\/11499"}],"wp:attachment":[{"href":"https:\/\/ostrowskatv.pl\/index.php?rest_route=%2Fwp%2Fv2%2Fmedia&parent=11500"}],"wp:term":[{"taxonomy":"category","embeddable":true,"href":"https:\/\/ostrowskatv.pl\/index.php?rest_route=%2Fwp%2Fv2%2Fcategories&post=11500"},{"taxonomy":"post_tag","embeddable":true,"href":"https:\/\/ostrowskatv.pl\/index.php?rest_route=%2Fwp%2Fv2%2Ftags&post=11500"}],"curies":[{"name":"wp","href":"https:\/\/api.w.org\/{rel}","templated":true}]}}