{"id":11451,"date":"2020-02-24T04:01:56","date_gmt":"2020-02-24T03:01:56","guid":{"rendered":"http:\/\/ostrowska.tv\/?p=11451"},"modified":"2020-02-24T04:06:27","modified_gmt":"2020-02-24T03:06:27","slug":"smierc-na-obwodnicy-ostrowa-audi-i-dostawczy-fiat","status":"publish","type":"post","link":"https:\/\/ostrowskatv.pl\/?p=11451","title":{"rendered":"\u015amier\u0107 na obwodnicy Ostrowa. Zderzenie Audi i dostawczego Fiat"},"content":{"rendered":"<p><strong>Do tajemniczej \u015bmierci dosz\u0142o oko\u0142o godz. 2.00 z niedzieli na poniedzia\u0142ek. Na obwodnicy Ostrowa Wielkopolskiego zderzy\u0142y si\u0119 osobowe Audi zarejestrowane w powiecie ostrowskim oraz Fiat Ducato na pleszewskich tablicach rejestracyjnych. \u015amier\u0107 poni\u00f3s\u0142 kierowca Audi.<\/strong><\/p>\n<p>Oba pojazdy jecha\u0142y drog\u0105 S11 w stron\u0119 Antonina. Ze wst\u0119pnych ustale\u0144 wynika, \u017ce kierowca Audi wyprzedza\u0142 dostawczego Fiata. Nagle pomi\u0119dzy autami dosz\u0142o do kontaktu. Oba auta uderzy\u0142y w barierk\u0119 oddzielaj\u0105c\u0105 pasy jezdni.<\/p>\n<p>Kierowca z Fiata wyszed\u0142 z auta i zorientowa\u0142 si\u0119, \u017ce kilkana\u015bcie metr\u00f3w dalej le\u017cy cia\u0142o, najprawdopodobniej kierowcy audi.<\/p>\n<p>Na miejsce wezwano s\u0142u\u017cby ratunkowe. Zalgoa karetki pogotowia oraz stra\u017cacy reanimowali poszkodowanego. Pomoc nie przynios\u0142a jednak po\u017c\u0105danych efekt\u00f3w. <\/p>\n<p>Nie mo\u017cna wykluczy\u0107, \u017ce kierowca z Audi  wcze\u015bniej lub po zdarzeniu dosta\u0142 udaru lub zawa\u0142u serca, poniewa\u017c uszkodzenie jego auta nie jest mocne. <\/p>\n<div id='gallery-1' class='gallery galleryid-11451 gallery-columns-3 gallery-size-thumbnail'><figure class='gallery-item'>\n\t\t\t<div class='gallery-icon landscape'>\n\t\t\t\t<a href='https:\/\/ostrowskatv.pl\/?attachment_id=11452'><img loading=\"lazy\" decoding=\"async\" width=\"150\" height=\"150\" src=\"https:\/\/ostrowskatv.pl\/wp-content\/uploads\/2020\/02\/IMG_20200224_031419-01-150x150.jpeg\" class=\"attachment-thumbnail size-thumbnail\" alt=\"\" \/><\/a>\n\t\t\t<\/div><\/figure><figure class='gallery-item'>\n\t\t\t<div class='gallery-icon landscape'>\n\t\t\t\t<a href='https:\/\/ostrowskatv.pl\/?attachment_id=11453'><img loading=\"lazy\" decoding=\"async\" width=\"150\" height=\"150\" src=\"https:\/\/ostrowskatv.pl\/wp-content\/uploads\/2020\/02\/IMG_20200224_031405-01-150x150.jpeg\" class=\"attachment-thumbnail size-thumbnail\" alt=\"\" \/><\/a>\n\t\t\t<\/div><\/figure><figure class='gallery-item'>\n\t\t\t<div class='gallery-icon landscape'>\n\t\t\t\t<a href='https:\/\/ostrowskatv.pl\/?attachment_id=11454'><img loading=\"lazy\" decoding=\"async\" width=\"150\" height=\"150\" src=\"https:\/\/ostrowskatv.pl\/wp-content\/uploads\/2020\/02\/IMG_20200224_031412-01-150x150.jpeg\" class=\"attachment-thumbnail size-thumbnail\" alt=\"\" \/><\/a>\n\t\t\t<\/div><\/figure><figure class='gallery-item'>\n\t\t\t<div class='gallery-icon landscape'>\n\t\t\t\t<a href='https:\/\/ostrowskatv.pl\/?attachment_id=11455'><img loading=\"lazy\" decoding=\"async\" width=\"150\" height=\"150\" src=\"https:\/\/ostrowskatv.pl\/wp-content\/uploads\/2020\/02\/IMG_20200224_031307-02-150x150.jpeg\" class=\"attachment-thumbnail size-thumbnail\" alt=\"\" \/><\/a>\n\t\t\t<\/div><\/figure><figure class='gallery-item'>\n\t\t\t<div class='gallery-icon landscape'>\n\t\t\t\t<a href='https:\/\/ostrowskatv.pl\/?attachment_id=11456'><img loading=\"lazy\" decoding=\"async\" width=\"150\" height=\"150\" src=\"https:\/\/ostrowskatv.pl\/wp-content\/uploads\/2020\/02\/IMG_20200224_031307-01-150x150.jpeg\" class=\"attachment-thumbnail size-thumbnail\" alt=\"\" \/><\/a>\n\t\t\t<\/div><\/figure><figure class='gallery-item'>\n\t\t\t<div class='gallery-icon landscape'>\n\t\t\t\t<a href='https:\/\/ostrowskatv.pl\/?attachment_id=11457'><img loading=\"lazy\" decoding=\"async\" width=\"150\" height=\"150\" src=\"https:\/\/ostrowskatv.pl\/wp-content\/uploads\/2020\/02\/IMG_20200224_031201-01-150x150.jpeg\" class=\"attachment-thumbnail size-thumbnail\" alt=\"\" \/><\/a>\n\t\t\t<\/div><\/figure><figure class='gallery-item'>\n\t\t\t<div class='gallery-icon landscape'>\n\t\t\t\t<a href='https:\/\/ostrowskatv.pl\/?attachment_id=11458'><img loading=\"lazy\" decoding=\"async\" width=\"150\" height=\"150\" src=\"https:\/\/ostrowskatv.pl\/wp-content\/uploads\/2020\/02\/IMG_20200224_030759-01-150x150.jpeg\" class=\"attachment-thumbnail size-thumbnail\" alt=\"\" \/><\/a>\n\t\t\t<\/div><\/figure>\n\t\t<\/div>\n\n","protected":false},"excerpt":{"rendered":"Do tajemniczej \u015bmierci dosz\u0142o oko\u0142o godz. 2.00 z niedzieli na poniedzia\u0142ek. Na obwodnicy Ostrowa Wielkopolskiego zderzy\u0142y si\u0119 osobowe Audi zarejestrowane w powiecie ostrowskim \n<a class=\"moretag\" href=\"https:\/\/ostrowskatv.pl\/?p=11451\"> [...]<\/a>","protected":false},"author":1,"featured_media":11457,"comment_status":"open","ping_status":"closed","sticky":false,"template":"","format":"standard","meta":{"footnotes":""},"categories":[1],"tags":[139],"class_list":["post-11451","post","type-post","status-publish","format-standard","has-post-thumbnail","hentry","category-news","tag-obwodnica-ostrowa"],"_links":{"self":[{"href":"https:\/\/ostrowskatv.pl\/index.php?rest_route=\/wp\/v2\/posts\/11451","targetHints":{"allow":["GET"]}}],"collection":[{"href":"https:\/\/ostrowskatv.pl\/index.php?rest_route=\/wp\/v2\/posts"}],"about":[{"href":"https:\/\/ostrowskatv.pl\/index.php?rest_route=\/wp\/v2\/types\/post"}],"author":[{"embeddable":true,"href":"https:\/\/ostrowskatv.pl\/index.php?rest_route=\/wp\/v2\/users\/1"}],"replies":[{"embeddable":true,"href":"https:\/\/ostrowskatv.pl\/index.php?rest_route=%2Fwp%2Fv2%2Fcomments&post=11451"}],"version-history":[{"count":0,"href":"https:\/\/ostrowskatv.pl\/index.php?rest_route=\/wp\/v2\/posts\/11451\/revisions"}],"wp:featuredmedia":[{"embeddable":true,"href":"https:\/\/ostrowskatv.pl\/index.php?rest_route=\/wp\/v2\/media\/11457"}],"wp:attachment":[{"href":"https:\/\/ostrowskatv.pl\/index.php?rest_route=%2Fwp%2Fv2%2Fmedia&parent=11451"}],"wp:term":[{"taxonomy":"category","embeddable":true,"href":"https:\/\/ostrowskatv.pl\/index.php?rest_route=%2Fwp%2Fv2%2Fcategories&post=11451"},{"taxonomy":"post_tag","embeddable":true,"href":"https:\/\/ostrowskatv.pl\/index.php?rest_route=%2Fwp%2Fv2%2Ftags&post=11451"}],"curies":[{"name":"wp","href":"https:\/\/api.w.org\/{rel}","templated":true}]}}