{"id":11441,"date":"2020-02-23T21:18:55","date_gmt":"2020-02-23T20:18:55","guid":{"rendered":"http:\/\/ostrowska.tv\/?p=11441"},"modified":"2020-02-23T21:18:55","modified_gmt":"2020-02-23T20:18:55","slug":"zalalo-ulice-reymonta-i-konopnickiej","status":"publish","type":"post","link":"https:\/\/ostrowskatv.pl\/?p=11441","title":{"rendered":"Zala\u0142o ulice Reymonta i Konopnickiej"},"content":{"rendered":"<p>Oko\u0142o godz. 19.00 nad Ostrowem Wlkp. przesz\u0142a ulewa po\u0142\u0105czona z kilkoma wy\u0142adowaniami atmosferycznymi. W wyniku sporej ilo\u015bci deszczu zala\u0142o ulice, zw\u0142aszcza w rejonie skrzy\u017cowania ulic Konopnickiej i Reymonta, gdzie wyp\u0142ywa z podziemnych kana\u0142\u00f3w deszcz\u00f3wka. Obecnie trwa tu budowa kolektora, kt\u00f3rego zadaniem b\u0119dzie wy\u0142apywanie zanieczyszcze\u0144 drogowych sp\u0142ywaj\u0105cych deszcz\u00f3wk\u0105. <\/p>\n<p>Na co dzie\u0144 w kanale poziom wody wynosi kilka centymetr\u00f3w. Dzi\u015b podni\u00f3s\u0142 si\u0119 do ponad metra. Stoj\u0105ca koparka na terenie prowadzonych prac by\u0142a podmywana i zacz\u0119\u0142a si\u0119 przechyla\u0107. Ostatecznie pojawili si\u0119 pracownicy firmy, kt\u00f3rzy zapobiegli jej przewr\u00f3ceniu si\u0119. <\/p>\n<p>Pobliski mieszkaniec Pan Krystian ubolewa, \u017ce kolejny raz zosta\u0142a zalana ulica. &#8211; Woda dosta\u0142a do domu. Tak si\u0119 dzieje co wi\u0119ksz\u0105 nawa\u0142nic\u0119 i na razie nic si\u0119 tutaj nie polepszy\u0142o. By\u0142o zapowiadane \u017ce przez zbiorniki (retencyjne) kt\u00f3re s\u0105 na ul. Wysockiej i kolejny w rejonie ulicy Torowej, mia\u0142o by\u0107 lepiej, a jest tak jak jest. Od 2003 roku co by\u0142 robiony tutaj przecisk pod ulic\u0105 cyklicznie zalewa nad po nawa\u0142nicach trwaj\u0105cych co najmniej p\u00f3\u0142 godziny. Nie jest to przyjemna sytuacja, \u017ceby w 21. wieku nie sz\u0142o tego zrobi\u0107, \u017ceby do mieszkania nie pcha\u0142a si\u0119 woda z kana\u0142u. &#8211; skomentowa\u0142 mieszkaniec Pan Krystian. <\/p>\n<p>Niektorzy kierowcy z impetem wje\u017cd\u017cali w zalan\u0105 ulic\u0119.<\/p>\n<div id='gallery-1' class='gallery galleryid-11441 gallery-columns-3 gallery-size-thumbnail'><figure class='gallery-item'>\n\t\t\t<div class='gallery-icon landscape'>\n\t\t\t\t<a href='https:\/\/ostrowskatv.pl\/?attachment_id=11442'><img loading=\"lazy\" decoding=\"async\" width=\"150\" height=\"150\" src=\"https:\/\/ostrowskatv.pl\/wp-content\/uploads\/2020\/02\/reymonta1-150x150.jpeg\" class=\"attachment-thumbnail size-thumbnail\" alt=\"\" \/><\/a>\n\t\t\t<\/div><\/figure><figure class='gallery-item'>\n\t\t\t<div class='gallery-icon landscape'>\n\t\t\t\t<a href='https:\/\/ostrowskatv.pl\/?attachment_id=11443'><img loading=\"lazy\" decoding=\"async\" width=\"150\" height=\"150\" src=\"https:\/\/ostrowskatv.pl\/wp-content\/uploads\/2020\/02\/reymonta2-150x150.jpeg\" class=\"attachment-thumbnail size-thumbnail\" alt=\"\" \/><\/a>\n\t\t\t<\/div><\/figure><figure class='gallery-item'>\n\t\t\t<div class='gallery-icon landscape'>\n\t\t\t\t<a href='https:\/\/ostrowskatv.pl\/?attachment_id=11444'><img loading=\"lazy\" decoding=\"async\" width=\"150\" height=\"150\" src=\"https:\/\/ostrowskatv.pl\/wp-content\/uploads\/2020\/02\/reymonta3-150x150.jpeg\" class=\"attachment-thumbnail size-thumbnail\" alt=\"\" \/><\/a>\n\t\t\t<\/div><\/figure><figure class='gallery-item'>\n\t\t\t<div class='gallery-icon landscape'>\n\t\t\t\t<a href='https:\/\/ostrowskatv.pl\/?attachment_id=11445'><img loading=\"lazy\" decoding=\"async\" width=\"150\" height=\"150\" src=\"https:\/\/ostrowskatv.pl\/wp-content\/uploads\/2020\/02\/reymonta4-150x150.jpeg\" class=\"attachment-thumbnail size-thumbnail\" alt=\"\" \/><\/a>\n\t\t\t<\/div><\/figure><figure class='gallery-item'>\n\t\t\t<div class='gallery-icon landscape'>\n\t\t\t\t<a href='https:\/\/ostrowskatv.pl\/?attachment_id=11446'><img loading=\"lazy\" decoding=\"async\" width=\"150\" height=\"150\" src=\"https:\/\/ostrowskatv.pl\/wp-content\/uploads\/2020\/02\/reymonta5-150x150.jpeg\" class=\"attachment-thumbnail size-thumbnail\" alt=\"\" \/><\/a>\n\t\t\t<\/div><\/figure><figure class='gallery-item'>\n\t\t\t<div class='gallery-icon landscape'>\n\t\t\t\t<a href='https:\/\/ostrowskatv.pl\/?attachment_id=11447'><img loading=\"lazy\" decoding=\"async\" width=\"150\" height=\"150\" src=\"https:\/\/ostrowskatv.pl\/wp-content\/uploads\/2020\/02\/Reymonta7-150x150.jpeg\" class=\"attachment-thumbnail size-thumbnail\" alt=\"\" \/><\/a>\n\t\t\t<\/div><\/figure><figure class='gallery-item'>\n\t\t\t<div class='gallery-icon landscape'>\n\t\t\t\t<a href='https:\/\/ostrowskatv.pl\/?attachment_id=11448'><img loading=\"lazy\" decoding=\"async\" width=\"150\" height=\"150\" src=\"https:\/\/ostrowskatv.pl\/wp-content\/uploads\/2020\/02\/reymonta6-150x150.jpeg\" class=\"attachment-thumbnail size-thumbnail\" alt=\"\" \/><\/a>\n\t\t\t<\/div><\/figure><figure class='gallery-item'>\n\t\t\t<div class='gallery-icon landscape'>\n\t\t\t\t<a href='https:\/\/ostrowskatv.pl\/?attachment_id=11449'><img loading=\"lazy\" decoding=\"async\" width=\"150\" height=\"150\" src=\"https:\/\/ostrowskatv.pl\/wp-content\/uploads\/2020\/02\/reymonta8-150x150.jpeg\" class=\"attachment-thumbnail size-thumbnail\" alt=\"\" \/><\/a>\n\t\t\t<\/div><\/figure>\n\t\t<\/div>\n\n","protected":false},"excerpt":{"rendered":"Oko\u0142o godz. 19.00 nad Ostrowem Wlkp. przesz\u0142a ulewa po\u0142\u0105czona z kilkoma wy\u0142adowaniami atmosferycznymi. W wyniku sporej ilo\u015bci deszczu zala\u0142o ulice, zw\u0142aszcza w rejonie \n<a class=\"moretag\" href=\"https:\/\/ostrowskatv.pl\/?p=11441\"> [...]<\/a>","protected":false},"author":1,"featured_media":11448,"comment_status":"open","ping_status":"closed","sticky":false,"template":"","format":"standard","meta":{"footnotes":""},"categories":[1],"tags":[2],"class_list":["post-11441","post","type-post","status-publish","format-standard","has-post-thumbnail","hentry","category-news","tag-ostrow-wielkopolski"],"_links":{"self":[{"href":"https:\/\/ostrowskatv.pl\/index.php?rest_route=\/wp\/v2\/posts\/11441","targetHints":{"allow":["GET"]}}],"collection":[{"href":"https:\/\/ostrowskatv.pl\/index.php?rest_route=\/wp\/v2\/posts"}],"about":[{"href":"https:\/\/ostrowskatv.pl\/index.php?rest_route=\/wp\/v2\/types\/post"}],"author":[{"embeddable":true,"href":"https:\/\/ostrowskatv.pl\/index.php?rest_route=\/wp\/v2\/users\/1"}],"replies":[{"embeddable":true,"href":"https:\/\/ostrowskatv.pl\/index.php?rest_route=%2Fwp%2Fv2%2Fcomments&post=11441"}],"version-history":[{"count":0,"href":"https:\/\/ostrowskatv.pl\/index.php?rest_route=\/wp\/v2\/posts\/11441\/revisions"}],"wp:featuredmedia":[{"embeddable":true,"href":"https:\/\/ostrowskatv.pl\/index.php?rest_route=\/wp\/v2\/media\/11448"}],"wp:attachment":[{"href":"https:\/\/ostrowskatv.pl\/index.php?rest_route=%2Fwp%2Fv2%2Fmedia&parent=11441"}],"wp:term":[{"taxonomy":"category","embeddable":true,"href":"https:\/\/ostrowskatv.pl\/index.php?rest_route=%2Fwp%2Fv2%2Fcategories&post=11441"},{"taxonomy":"post_tag","embeddable":true,"href":"https:\/\/ostrowskatv.pl\/index.php?rest_route=%2Fwp%2Fv2%2Ftags&post=11441"}],"curies":[{"name":"wp","href":"https:\/\/api.w.org\/{rel}","templated":true}]}}