{"id":11435,"date":"2020-02-23T00:23:11","date_gmt":"2020-02-22T23:23:11","guid":{"rendered":"http:\/\/ostrowska.tv\/?p=11435"},"modified":"2020-02-23T00:23:11","modified_gmt":"2020-02-22T23:23:11","slug":"dwoch-mezczyzn-zginelo-po-zderzeniu-z-drzewem","status":"publish","type":"post","link":"https:\/\/ostrowskatv.pl\/?p=11435","title":{"rendered":"Dw\u00f3ch m\u0119\u017cczyzn zgin\u0119\u0142o po zderzeniu z drzewem"},"content":{"rendered":"<p>W sobot\u0119 przed godzin\u0105 20.00 na drodze Smolice &#8211; Rogo\u017cewo (powiat rawicki) dosz\u0142o do wypadku, w kt\u00f3rym zgin\u0119\u0142o dw\u00f3ch m\u0119\u017cczyzn. Na miejsce zadysponowano stra\u017c po\u017carn\u0105 z powiat\u00f3w rawickiego i krotoszy\u0144skiego. <\/p>\n<p>Po przybyciu na miejsce stwierdzono, \u017ce wewn\u0105trz Forda znajduj\u0105 si\u0119 dwie osoby. Stra\u017cacy za pomoc\u0105 sprz\u0119tu hydraulicznego zapewnili dost\u0119p do poszkodowanych. Przyby\u0142y na miejsce zesp\u00f3\u0142 ratownictwa medycznego niestety stwierdzi\u0142 zgon obu m\u0119\u017cczyzn. <\/p>\n<p>Ze wst\u0119pnych ustale\u0144 wynika, \u017ce kierowca Forda straci\u0142 panowanie nad pojazdem i uderzy\u0142 w przydro\u017cne drzewo. Auto zosta\u0142o mocno uszkodzone w cz\u0119\u015bci dachowej. Przed \u0142ukiem znajduje si\u0119 znak informuj\u0105cy o zakr\u0119cie i ograniczeniu pr\u0119dko\u015bci do 60 km\/h. M\u0119\u017cczy\u017ani byli w wieku 23 i 35 lat.<\/p>\n<div id='gallery-1' class='gallery galleryid-11435 gallery-columns-3 gallery-size-thumbnail'><figure class='gallery-item'>\n\t\t\t<div class='gallery-icon landscape'>\n\t\t\t\t<a href='https:\/\/ostrowskatv.pl\/?attachment_id=11434'><img loading=\"lazy\" decoding=\"async\" width=\"150\" height=\"150\" src=\"https:\/\/ostrowskatv.pl\/wp-content\/uploads\/2020\/02\/PSX_20200223_001543-150x150.jpg\" class=\"attachment-thumbnail size-thumbnail\" alt=\"\" \/><\/a>\n\t\t\t<\/div><\/figure><figure class='gallery-item'>\n\t\t\t<div class='gallery-icon landscape'>\n\t\t\t\t<a href='https:\/\/ostrowskatv.pl\/?attachment_id=11433'><img loading=\"lazy\" decoding=\"async\" width=\"150\" height=\"150\" src=\"https:\/\/ostrowskatv.pl\/wp-content\/uploads\/2020\/02\/PSX_20200223_001604-150x150.jpg\" class=\"attachment-thumbnail size-thumbnail\" alt=\"\" \/><\/a>\n\t\t\t<\/div><\/figure><figure class='gallery-item'>\n\t\t\t<div class='gallery-icon landscape'>\n\t\t\t\t<a href='https:\/\/ostrowskatv.pl\/?attachment_id=11432'><img loading=\"lazy\" decoding=\"async\" width=\"150\" height=\"150\" src=\"https:\/\/ostrowskatv.pl\/wp-content\/uploads\/2020\/02\/PSX_20200223_001649-150x150.jpg\" class=\"attachment-thumbnail size-thumbnail\" alt=\"\" \/><\/a>\n\t\t\t<\/div><\/figure>\n\t\t<\/div>\n\n","protected":false},"excerpt":{"rendered":"W sobot\u0119 przed godzin\u0105 20.00 na drodze Smolice &#8211; Rogo\u017cewo (powiat rawicki) dosz\u0142o do wypadku, w kt\u00f3rym zgin\u0119\u0142o dw\u00f3ch m\u0119\u017cczyzn. Na miejsce zadysponowano \n<a class=\"moretag\" href=\"https:\/\/ostrowskatv.pl\/?p=11435\"> [...]<\/a>","protected":false},"author":1,"featured_media":11434,"comment_status":"open","ping_status":"closed","sticky":false,"template":"","format":"standard","meta":{"footnotes":""},"categories":[1],"tags":[11],"class_list":["post-11435","post","type-post","status-publish","format-standard","has-post-thumbnail","hentry","category-news","tag-wypadek"],"_links":{"self":[{"href":"https:\/\/ostrowskatv.pl\/index.php?rest_route=\/wp\/v2\/posts\/11435","targetHints":{"allow":["GET"]}}],"collection":[{"href":"https:\/\/ostrowskatv.pl\/index.php?rest_route=\/wp\/v2\/posts"}],"about":[{"href":"https:\/\/ostrowskatv.pl\/index.php?rest_route=\/wp\/v2\/types\/post"}],"author":[{"embeddable":true,"href":"https:\/\/ostrowskatv.pl\/index.php?rest_route=\/wp\/v2\/users\/1"}],"replies":[{"embeddable":true,"href":"https:\/\/ostrowskatv.pl\/index.php?rest_route=%2Fwp%2Fv2%2Fcomments&post=11435"}],"version-history":[{"count":0,"href":"https:\/\/ostrowskatv.pl\/index.php?rest_route=\/wp\/v2\/posts\/11435\/revisions"}],"wp:featuredmedia":[{"embeddable":true,"href":"https:\/\/ostrowskatv.pl\/index.php?rest_route=\/wp\/v2\/media\/11434"}],"wp:attachment":[{"href":"https:\/\/ostrowskatv.pl\/index.php?rest_route=%2Fwp%2Fv2%2Fmedia&parent=11435"}],"wp:term":[{"taxonomy":"category","embeddable":true,"href":"https:\/\/ostrowskatv.pl\/index.php?rest_route=%2Fwp%2Fv2%2Fcategories&post=11435"},{"taxonomy":"post_tag","embeddable":true,"href":"https:\/\/ostrowskatv.pl\/index.php?rest_route=%2Fwp%2Fv2%2Ftags&post=11435"}],"curies":[{"name":"wp","href":"https:\/\/api.w.org\/{rel}","templated":true}]}}