{"id":11427,"date":"2020-02-21T17:25:59","date_gmt":"2020-02-21T16:25:59","guid":{"rendered":"http:\/\/ostrowska.tv\/?p=11427"},"modified":"2020-02-21T17:32:16","modified_gmt":"2020-02-21T16:32:16","slug":"kolizja-na-rondzie-bankowym-21-lutego-2020","status":"publish","type":"post","link":"https:\/\/ostrowskatv.pl\/?p=11427","title":{"rendered":"Kolizja na Rondzie Bankowym &#8211; 21 lutego 2020"},"content":{"rendered":"<p><strong>Do kolejnej kolizji na Rondzie Bankowym dosz\u0142o w pi\u0105tek. Po godzinie 13.00 kierowca Volkswagena jecha\u0142 wewn\u0119trznym pasie i chcia\u0142 zjecha\u0107 w ulic\u0119 Wroc\u0142awsk\u0105. Du\u017co wcze\u015bniej sygnalizowa\u0142 zamiar rozpocz\u0119cia manewru. Kierowca Audi by\u0107 mo\u017ce nie widz\u0105c kierunkowskazu w ostatniej chwili zasygnalizowa\u0142 zjazd z ronda i przetar\u0142 Volkswagena. Wed\u0142ug obecnej interpretacji przepis\u00f3w win\u0119 poniesie kierowca Volkswagena. Jedno z aut by\u0142o na ostrzeszowskich tablicach rejestracyjnych, a drugie na k\u0119pi\u0144skich.<\/strong><\/p>\n<p>Poprzednie zdarzenie trafi do S\u0105du, poniewa\u017c jego potencjalny sprawca nie przyzna\u0142 si\u0119, a nagranie pos\u0142u\u017cy jako dow\u00f3d.<\/p>\n<p><iframe loading=\"lazy\" title=\"Rondo 21 lutego 2020\" width=\"747\" height=\"420\" src=\"https:\/\/www.youtube.com\/embed\/kPrsYAEKOIs?feature=oembed\" frameborder=\"0\" allow=\"accelerometer; autoplay; clipboard-write; encrypted-media; gyroscope; picture-in-picture; web-share\" referrerpolicy=\"strict-origin-when-cross-origin\" allowfullscreen><\/iframe><\/p>\n","protected":false},"excerpt":{"rendered":"Do kolejnej kolizji na Rondzie Bankowym dosz\u0142o w pi\u0105tek. Po godzinie 13.00 kierowca Volkswagena jecha\u0142 wewn\u0119trznym pasie i chcia\u0142 zjecha\u0107 w ulic\u0119 Wroc\u0142awsk\u0105. \n<a class=\"moretag\" href=\"https:\/\/ostrowskatv.pl\/?p=11427\"> [...]<\/a>","protected":false},"author":1,"featured_media":11428,"comment_status":"open","ping_status":"closed","sticky":false,"template":"","format":"standard","meta":{"footnotes":""},"categories":[1],"tags":[2],"class_list":["post-11427","post","type-post","status-publish","format-standard","has-post-thumbnail","hentry","category-news","tag-ostrow-wielkopolski"],"_links":{"self":[{"href":"https:\/\/ostrowskatv.pl\/index.php?rest_route=\/wp\/v2\/posts\/11427","targetHints":{"allow":["GET"]}}],"collection":[{"href":"https:\/\/ostrowskatv.pl\/index.php?rest_route=\/wp\/v2\/posts"}],"about":[{"href":"https:\/\/ostrowskatv.pl\/index.php?rest_route=\/wp\/v2\/types\/post"}],"author":[{"embeddable":true,"href":"https:\/\/ostrowskatv.pl\/index.php?rest_route=\/wp\/v2\/users\/1"}],"replies":[{"embeddable":true,"href":"https:\/\/ostrowskatv.pl\/index.php?rest_route=%2Fwp%2Fv2%2Fcomments&post=11427"}],"version-history":[{"count":0,"href":"https:\/\/ostrowskatv.pl\/index.php?rest_route=\/wp\/v2\/posts\/11427\/revisions"}],"wp:featuredmedia":[{"embeddable":true,"href":"https:\/\/ostrowskatv.pl\/index.php?rest_route=\/wp\/v2\/media\/11428"}],"wp:attachment":[{"href":"https:\/\/ostrowskatv.pl\/index.php?rest_route=%2Fwp%2Fv2%2Fmedia&parent=11427"}],"wp:term":[{"taxonomy":"category","embeddable":true,"href":"https:\/\/ostrowskatv.pl\/index.php?rest_route=%2Fwp%2Fv2%2Fcategories&post=11427"},{"taxonomy":"post_tag","embeddable":true,"href":"https:\/\/ostrowskatv.pl\/index.php?rest_route=%2Fwp%2Fv2%2Ftags&post=11427"}],"curies":[{"name":"wp","href":"https:\/\/api.w.org\/{rel}","templated":true}]}}