{"id":11425,"date":"2020-02-20T19:54:07","date_gmt":"2020-02-20T18:54:07","guid":{"rendered":"http:\/\/ostrowska.tv\/?p=11425"},"modified":"2020-02-20T19:54:07","modified_gmt":"2020-02-20T18:54:07","slug":"zderzenie-opla-i-volkswagena-czworo-poszkodowanych","status":"publish","type":"post","link":"https:\/\/ostrowskatv.pl\/?p=11425","title":{"rendered":"Zderzenie Opla i Volkswagena. Czworo poszkodowanych"},"content":{"rendered":"<p><strong>Na skrzy\u017cowaniu ulic Led\u00f3chowskiego i Pi\u0142sudskiego w Ostrowie Wielkopolskim zderzy\u0142y si\u0119 Opel Corsa z Volkswagenem Golfem. Cztery osoby zakwalifikowane jako poszkodowane. <\/strong><\/p>\n<p>Jak wst\u0119pnie ustalono, kobieta kieruj\u0105c Volkswagenem jecha\u0142a ulic\u0105 Led\u00f3chowskiego w stron\u0119 centrum. Nie ust\u0105pi\u0142a pierwsze\u0144stwa jad\u0105cemu z przeciwka Oplowi, kt\u00f3rym podr\u00f3\u017cowa\u0142y 3 osoby. <\/p>\n<p>Po zdarzeniu wszyscy byli przytomni. Mieli powierzchowne urazy. Szczeg\u00f3\u0142owe obra\u017cenia b\u0119d\u0105 znane po diagnostyce w szpitalu. <\/p>\n<div id='gallery-1' class='gallery galleryid-11425 gallery-columns-3 gallery-size-thumbnail'><figure class='gallery-item'>\n\t\t\t<div class='gallery-icon landscape'>\n\t\t\t\t<a href='https:\/\/ostrowskatv.pl\/?attachment_id=11424'><img loading=\"lazy\" decoding=\"async\" width=\"150\" height=\"150\" src=\"https:\/\/ostrowskatv.pl\/wp-content\/uploads\/2020\/02\/IMG_20200220_193606-01-150x150.jpeg\" class=\"attachment-thumbnail size-thumbnail\" alt=\"\" \/><\/a>\n\t\t\t<\/div><\/figure><figure class='gallery-item'>\n\t\t\t<div class='gallery-icon landscape'>\n\t\t\t\t<a href='https:\/\/ostrowskatv.pl\/?attachment_id=11423'><img loading=\"lazy\" decoding=\"async\" width=\"150\" height=\"150\" src=\"https:\/\/ostrowskatv.pl\/wp-content\/uploads\/2020\/02\/IMG_20200220_193557-01-150x150.jpeg\" class=\"attachment-thumbnail size-thumbnail\" alt=\"\" \/><\/a>\n\t\t\t<\/div><\/figure><figure class='gallery-item'>\n\t\t\t<div class='gallery-icon landscape'>\n\t\t\t\t<a href='https:\/\/ostrowskatv.pl\/?attachment_id=11422'><img loading=\"lazy\" decoding=\"async\" width=\"150\" height=\"150\" src=\"https:\/\/ostrowskatv.pl\/wp-content\/uploads\/2020\/02\/IMG_20200220_193545-01-150x150.jpeg\" class=\"attachment-thumbnail size-thumbnail\" alt=\"\" \/><\/a>\n\t\t\t<\/div><\/figure><figure class='gallery-item'>\n\t\t\t<div class='gallery-icon landscape'>\n\t\t\t\t<a href='https:\/\/ostrowskatv.pl\/?attachment_id=11421'><img loading=\"lazy\" decoding=\"async\" width=\"150\" height=\"150\" src=\"https:\/\/ostrowskatv.pl\/wp-content\/uploads\/2020\/02\/IMG_20200220_193432-01-150x150.jpeg\" class=\"attachment-thumbnail size-thumbnail\" alt=\"\" \/><\/a>\n\t\t\t<\/div><\/figure>\n\t\t<\/div>\n\n","protected":false},"excerpt":{"rendered":"Na skrzy\u017cowaniu ulic Led\u00f3chowskiego i Pi\u0142sudskiego w Ostrowie Wielkopolskim zderzy\u0142y si\u0119 Opel Corsa z Volkswagenem Golfem. Cztery osoby zakwalifikowane jako poszkodowane. Jak wst\u0119pnie \n<a class=\"moretag\" href=\"https:\/\/ostrowskatv.pl\/?p=11425\"> [...]<\/a>","protected":false},"author":1,"featured_media":11423,"comment_status":"open","ping_status":"closed","sticky":false,"template":"","format":"standard","meta":{"footnotes":""},"categories":[1],"tags":[2],"class_list":["post-11425","post","type-post","status-publish","format-standard","has-post-thumbnail","hentry","category-news","tag-ostrow-wielkopolski"],"_links":{"self":[{"href":"https:\/\/ostrowskatv.pl\/index.php?rest_route=\/wp\/v2\/posts\/11425","targetHints":{"allow":["GET"]}}],"collection":[{"href":"https:\/\/ostrowskatv.pl\/index.php?rest_route=\/wp\/v2\/posts"}],"about":[{"href":"https:\/\/ostrowskatv.pl\/index.php?rest_route=\/wp\/v2\/types\/post"}],"author":[{"embeddable":true,"href":"https:\/\/ostrowskatv.pl\/index.php?rest_route=\/wp\/v2\/users\/1"}],"replies":[{"embeddable":true,"href":"https:\/\/ostrowskatv.pl\/index.php?rest_route=%2Fwp%2Fv2%2Fcomments&post=11425"}],"version-history":[{"count":0,"href":"https:\/\/ostrowskatv.pl\/index.php?rest_route=\/wp\/v2\/posts\/11425\/revisions"}],"wp:featuredmedia":[{"embeddable":true,"href":"https:\/\/ostrowskatv.pl\/index.php?rest_route=\/wp\/v2\/media\/11423"}],"wp:attachment":[{"href":"https:\/\/ostrowskatv.pl\/index.php?rest_route=%2Fwp%2Fv2%2Fmedia&parent=11425"}],"wp:term":[{"taxonomy":"category","embeddable":true,"href":"https:\/\/ostrowskatv.pl\/index.php?rest_route=%2Fwp%2Fv2%2Fcategories&post=11425"},{"taxonomy":"post_tag","embeddable":true,"href":"https:\/\/ostrowskatv.pl\/index.php?rest_route=%2Fwp%2Fv2%2Ftags&post=11425"}],"curies":[{"name":"wp","href":"https:\/\/api.w.org\/{rel}","templated":true}]}}