{"id":11414,"date":"2020-02-18T12:55:02","date_gmt":"2020-02-18T11:55:02","guid":{"rendered":"http:\/\/ostrowska.tv\/?p=11414"},"modified":"2020-02-18T12:55:02","modified_gmt":"2020-02-18T11:55:02","slug":"jechal-wewnetrznym-pasem-ronda-nie-przyznawal-sie-do-winy","status":"publish","type":"post","link":"https:\/\/ostrowskatv.pl\/?p=11414","title":{"rendered":"Jecha\u0142 wewn\u0119trznym pasem ronda. Nie przyznawa\u0142 si\u0119 do winy"},"content":{"rendered":"<p><strong>Po godzinie 8:30 na Rondzie Bankowym dosz\u0142o do tradycyjnego ju\u017c scenariusza. Auto typu SUV jecha\u0142o wewn\u0119trznym pasem ronda. Kierowca chcia\u0142 zjecha\u0107 w ulic\u0119 Wroc\u0142awsk\u0105. Pomimo w\u0142\u0105czenia kierunkowskazu, nie upewni\u0142 si\u0119 czy jest odpowiednio z przodu by przeci\u0105\u0107 pas ruchu. Bezpo\u015brednio po zdarzeniu m\u0119\u017cczyzna nie przyznawa\u0142 si\u0119 do winy, bo jak twierdzi\u0142 zosta\u0142 uderzony w tylny naro\u017cnik auta.<\/strong><\/p>\n<p><iframe loading=\"lazy\" title=\"Kolizja na Rondzie Bankowym 18 lutego 2020\" width=\"747\" height=\"420\" src=\"https:\/\/www.youtube.com\/embed\/Q8h3bAYEgRA?feature=oembed\" frameborder=\"0\" allow=\"accelerometer; autoplay; clipboard-write; encrypted-media; gyroscope; picture-in-picture; web-share\" referrerpolicy=\"strict-origin-when-cross-origin\" allowfullscreen><\/iframe><\/p>\n","protected":false},"excerpt":{"rendered":"Po godzinie 8:30 na Rondzie Bankowym dosz\u0142o do tradycyjnego ju\u017c scenariusza. Auto typu SUV jecha\u0142o wewn\u0119trznym pasem ronda. Kierowca chcia\u0142 zjecha\u0107 w ulic\u0119 \n<a class=\"moretag\" href=\"https:\/\/ostrowskatv.pl\/?p=11414\"> [...]<\/a>","protected":false},"author":1,"featured_media":11415,"comment_status":"open","ping_status":"closed","sticky":false,"template":"","format":"standard","meta":{"footnotes":""},"categories":[1],"tags":[2],"class_list":["post-11414","post","type-post","status-publish","format-standard","has-post-thumbnail","hentry","category-news","tag-ostrow-wielkopolski"],"_links":{"self":[{"href":"https:\/\/ostrowskatv.pl\/index.php?rest_route=\/wp\/v2\/posts\/11414","targetHints":{"allow":["GET"]}}],"collection":[{"href":"https:\/\/ostrowskatv.pl\/index.php?rest_route=\/wp\/v2\/posts"}],"about":[{"href":"https:\/\/ostrowskatv.pl\/index.php?rest_route=\/wp\/v2\/types\/post"}],"author":[{"embeddable":true,"href":"https:\/\/ostrowskatv.pl\/index.php?rest_route=\/wp\/v2\/users\/1"}],"replies":[{"embeddable":true,"href":"https:\/\/ostrowskatv.pl\/index.php?rest_route=%2Fwp%2Fv2%2Fcomments&post=11414"}],"version-history":[{"count":0,"href":"https:\/\/ostrowskatv.pl\/index.php?rest_route=\/wp\/v2\/posts\/11414\/revisions"}],"wp:featuredmedia":[{"embeddable":true,"href":"https:\/\/ostrowskatv.pl\/index.php?rest_route=\/wp\/v2\/media\/11415"}],"wp:attachment":[{"href":"https:\/\/ostrowskatv.pl\/index.php?rest_route=%2Fwp%2Fv2%2Fmedia&parent=11414"}],"wp:term":[{"taxonomy":"category","embeddable":true,"href":"https:\/\/ostrowskatv.pl\/index.php?rest_route=%2Fwp%2Fv2%2Fcategories&post=11414"},{"taxonomy":"post_tag","embeddable":true,"href":"https:\/\/ostrowskatv.pl\/index.php?rest_route=%2Fwp%2Fv2%2Ftags&post=11414"}],"curies":[{"name":"wp","href":"https:\/\/api.w.org\/{rel}","templated":true}]}}