{"id":11410,"date":"2020-02-17T16:58:38","date_gmt":"2020-02-17T15:58:38","guid":{"rendered":"http:\/\/ostrowska.tv\/?p=11410"},"modified":"2020-02-17T16:59:36","modified_gmt":"2020-02-17T15:59:36","slug":"posel-pis-w-kontrze-do-apelu-klimek","status":"publish","type":"post","link":"https:\/\/ostrowskatv.pl\/?p=11410","title":{"rendered":"Pose\u0142 PiS w kontrze do apelu Klimek w sprawie Kolei Du\u017cych Pr\u0119dko\u015bci"},"content":{"rendered":"<p><strong>Pose\u0142 Prawa i Sprawiedliwo\u015bci Tomasz \u0141awniczak zwo\u0142a\u0142 konferencj\u0119 prasow\u0105 w temacie Kolei Du\u017cych Pr\u0119dko\u015bci. Przypomnia\u0142 dlatego 9 lat temu rz\u0105d Platformy Obywatelskiej porzuci\u0142 prac\u0119 nad jej wdro\u017ceniem. Przedstawi\u0142 zaniedbania poprzedniej w\u0142adzy. W dalszej cz\u0119\u015bci om\u00f3wi\u0142 stan faktyczny i mo\u017cliwo\u015bci.<\/strong><\/p>\n<p>Prace nad Kolej\u0105 Du\u017cych Pr\u0119dko\u015bci prowadzono w latach 2005-2011. W 2011 roku prace zosta\u0142y zawieszone za czas\u00f3w ministra Nowaka pe\u0142ni\u0105cego t\u0119 funkcj\u0119 w rz\u0105dzie Donalda Tuska. Sta\u0142o si\u0119 to 2 miesi\u0105ce po wygranych wyborach, wbrew obietnicom wyborczym. Platforma Obywatelska zawiesi\u0142a ca\u0142y program.<\/p>\n<blockquote><p>&#8211; Koncentrujemy si\u0119 na modernizacji tego co mamy, a nie realizacji marze\u0144 kolejarzy, jakimi s\u0105 koleje du\u017cych pr\u0119dko\u015bci.- minister S\u0142awomir Nowak w 2011 r.<\/p><\/blockquote>\n<p>Do Kolei Du\u017cych Pr\u0119dko\u015bci zamierzano wr\u00f3ci\u0107 w 2030 roku. Ju\u017c wtedy koszt jej stworzenia szacowano na 28 miliard\u00f3w z\u0142otych. Wtedy Polski nie by\u0142o na ni\u0105 sta\u0107.<\/p>\n<p>&#8211; Na konwencjach starost\u00f3w i specjalnych konferencjach \u0141awniczak zada\u0142 pytanie wojewodzie Florkowi z Platformy Obywatelskiej,<strong> czy zosta\u0142 zabezpieczony korytarz przestrzenny, kt\u00f3ry gwarantowa\u0142by zabezpieczenie odpowiedniej przestrzeni dla Kolei Du\u017cych Pr\u0119dko\u015bci? &#8211;<\/strong> Nie ma \u017cadnego dokumentu kt\u00f3ry by je zarezerwowa\u0142. Najpierw by\u0142o 7 wariant\u00f3w. Ostatecznie wybrano ten z dworcem w Nowych Skalmierzycach, jako wsp\u00f3lnym dla aglomeracji kalisko-ostrowskiej. Stacja mia\u0142a znajdowa\u0107 si\u0119 w polach pomi\u0119dzy \u015aliwnikami, a M\u0105cznikami. Wojewoda Florek stwierdza\u0142 wtedy, \u017ce niestety nie ma rezerwacji korytarza w planach zagospodarowania przestrzennego. \u0141awniczak m\u00f3wi\u0142 wtedy, \u017ce wydawane s\u0105 pozwolenia na budow\u0119 w miejscach gdzie ma by\u0107 KDP. Wojewoda z PO mia\u0142 odpowiedzie\u0107 z u\u015bmiechem: <strong>no to si\u0119 odkupi. <\/strong>Wi\u0105za\u0142oby si\u0119 to jednak z protestami spo\u0142ecznymi lokalnych spo\u0142eczno\u015bci, kt\u00f3ra wybudowa\u0142a swoje nowe domki.<\/p>\n<p>\u0141awniczak ju\u017c wtedy mia\u0142 si\u0119 zastanawia\u0107 kiedy ta bomba z op\u00f3\u017anionym zap\u0142onem wybuchnie i co b\u0119dzie gdy plany wdro\u017cenia KDP powr\u00f3c\u0105.<\/p>\n<p>Ostr\u00f3w nie jest ca\u0142kowicie pomini\u0119ty, bo od pocz\u0105tku trasa przebiega\u0142a poza miastem. &#8211; ripostowa\u0142 apel prezydent Beaty Klimek, pose\u0142 Tomasz \u0141awniczak.<\/p>\n<p>Pokazywa\u0142 na zdj\u0119ciach lotniczych: <strong>Tego osiedla domk\u00f3w nie by\u0142o w Nowych Skalmierzycach. Teraz ju\u017c s\u0105 i koliduj\u0105 z pierwotnym planem przebiegu KDP. <\/strong>W Czekanowie pobudowano firmy i domki.<br \/>\nLudzie rz\u0105dz\u0105cy Polsk\u0105 z jakiejkolwiek opcji je\u017celi rozpoczn\u0105 realizacj\u0119 wniosku musz\u0105 zostawi\u0107 gwarancj\u0119 przebiegu, a nie zostawi\u0107 samemu sobie, co sko\u0144czy\u0142o si\u0119 tak jak wida\u0107. &#8211; doda\u0142<\/p>\n<p><em>Na s\u0142owa prezydent Klimek, \u017ce\u00a0 dotychczasowa baza kolejowa zapewnia\u0142a rozw\u00f3j firm w naszym mie\u015bcie. \u0141awniczak odpowiedzia\u0142, \u017ce KDP<\/em> ma by\u0107 w stylu japo\u0144skim czyli bez ruchu towarowego. Pani prezydent pomyli\u0142a si\u0119 w pi\u015bmie, bo jedno do drugiego ma si\u0119 nijak.<\/p>\n<p>Pose\u0142 PiS poinformowa\u0142, \u017ce wkr\u00f3tce ma si\u0119 rozpocz\u0105\u0107 remont dotychczasowego odcinka kolejowego na Ostr\u00f3w Wielkopolski &#8211; Zdu\u0144ska Wola. Obecnie zapewnia ona osi\u0105ganie pr\u0119dko\u015bci do 120 km\/h, a za jaki\u015b czas b\u0119dzie to ju\u017c 160 km\/h. Wi\u0105za\u0107 si\u0119 to b\u0119dzie z okresowymi problemami. Na tych liniach b\u0119d\u0105 mog\u0142y je\u017adzi\u0107 poci\u0105gi towarowe. Tym samym ostrowski w\u0119ze\u0142 zostanie ocalony.<\/p>\n<p>\u0141awniczak czeka a\u017c prezydent Klimek zg\u0142osi w ramach konsultacji spo\u0142ecznych swoje propozycje, gdzie wed\u0142ug niej ma zosta\u0107 postawiona wsp\u00f3lna dla aglomeracji kalisko-ostrowskiej stacja KDP. &#8211; Do tej pory by\u0142o to tylko wyra\u017cenie negatywnych emocji, a nie konkretnych rozwi\u0105za\u0144. &#8211; skomentowa\u0142 pose\u0142.<\/p>\n<p>Dzi\u0119ki KDP podr\u00f3\u017c do Warszawy podr\u00f3\u017c trwa\u0142aby 1,5 godziny, a obecnie trwa 3 godziny. Do Poznania obecnie mo\u017cna dojecha\u0107 poci\u0105giem w 1 godzin\u0119\u00a0 i 15 min, tak samo do Wroc\u0142awia.<\/p>\n<p>W najbli\u017cszej perspektywie s\u0105 zabezpieczone 72 miliardy z\u0142 na inwestycje w infrastruktur\u0119. Potoki pasa\u017cerskie zwi\u0119kszaj\u0105 si\u0119 24%. W Polsce jest 19,5 tysi\u0105ca kilometr\u00f3w dr\u00f3g kolejowych<\/p>\n<div id='gallery-1' class='gallery galleryid-11410 gallery-columns-3 gallery-size-thumbnail'><figure class='gallery-item'>\n\t\t\t<div class='gallery-icon landscape'>\n\t\t\t\t<a href='https:\/\/ostrowskatv.pl\/?attachment_id=11409'><img loading=\"lazy\" decoding=\"async\" width=\"150\" height=\"150\" src=\"https:\/\/ostrowskatv.pl\/wp-content\/uploads\/2020\/02\/IMG_20200217_150230-01-150x150.jpeg\" class=\"attachment-thumbnail size-thumbnail\" alt=\"\" \/><\/a>\n\t\t\t<\/div><\/figure><figure class='gallery-item'>\n\t\t\t<div class='gallery-icon landscape'>\n\t\t\t\t<a href='https:\/\/ostrowskatv.pl\/?attachment_id=11408'><img loading=\"lazy\" decoding=\"async\" width=\"150\" height=\"150\" src=\"https:\/\/ostrowskatv.pl\/wp-content\/uploads\/2020\/02\/IMG_20200217_151443-01-150x150.jpeg\" class=\"attachment-thumbnail size-thumbnail\" alt=\"\" \/><\/a>\n\t\t\t<\/div><\/figure><figure class='gallery-item'>\n\t\t\t<div class='gallery-icon landscape'>\n\t\t\t\t<a href='https:\/\/ostrowskatv.pl\/?attachment_id=11407'><img loading=\"lazy\" decoding=\"async\" width=\"150\" height=\"150\" src=\"https:\/\/ostrowskatv.pl\/wp-content\/uploads\/2020\/02\/IMG_20200217_151306-01-150x150.jpeg\" class=\"attachment-thumbnail size-thumbnail\" alt=\"\" \/><\/a>\n\t\t\t<\/div><\/figure><figure class='gallery-item'>\n\t\t\t<div class='gallery-icon landscape'>\n\t\t\t\t<a href='https:\/\/ostrowskatv.pl\/?attachment_id=11406'><img loading=\"lazy\" decoding=\"async\" width=\"150\" height=\"150\" src=\"https:\/\/ostrowskatv.pl\/wp-content\/uploads\/2020\/02\/IMG_20200217_151114-01-150x150.jpeg\" class=\"attachment-thumbnail size-thumbnail\" alt=\"\" \/><\/a>\n\t\t\t<\/div><\/figure><figure class='gallery-item'>\n\t\t\t<div class='gallery-icon landscape'>\n\t\t\t\t<a href='https:\/\/ostrowskatv.pl\/?attachment_id=11405'><img loading=\"lazy\" decoding=\"async\" width=\"150\" height=\"150\" src=\"https:\/\/ostrowskatv.pl\/wp-content\/uploads\/2020\/02\/IMG_20200217_151050-01-150x150.jpeg\" class=\"attachment-thumbnail size-thumbnail\" alt=\"\" \/><\/a>\n\t\t\t<\/div><\/figure>\n\t\t<\/div>\n\n","protected":false},"excerpt":{"rendered":"Pose\u0142 Prawa i Sprawiedliwo\u015bci Tomasz \u0141awniczak zwo\u0142a\u0142 konferencj\u0119 prasow\u0105 w temacie Kolei Du\u017cych Pr\u0119dko\u015bci. Przypomnia\u0142 dlatego 9 lat temu rz\u0105d Platformy Obywatelskiej porzuci\u0142 \n<a class=\"moretag\" href=\"https:\/\/ostrowskatv.pl\/?p=11410\"> [...]<\/a>","protected":false},"author":1,"featured_media":11409,"comment_status":"open","ping_status":"closed","sticky":false,"template":"","format":"standard","meta":{"footnotes":""},"categories":[1],"tags":[2],"class_list":["post-11410","post","type-post","status-publish","format-standard","has-post-thumbnail","hentry","category-news","tag-ostrow-wielkopolski"],"_links":{"self":[{"href":"https:\/\/ostrowskatv.pl\/index.php?rest_route=\/wp\/v2\/posts\/11410","targetHints":{"allow":["GET"]}}],"collection":[{"href":"https:\/\/ostrowskatv.pl\/index.php?rest_route=\/wp\/v2\/posts"}],"about":[{"href":"https:\/\/ostrowskatv.pl\/index.php?rest_route=\/wp\/v2\/types\/post"}],"author":[{"embeddable":true,"href":"https:\/\/ostrowskatv.pl\/index.php?rest_route=\/wp\/v2\/users\/1"}],"replies":[{"embeddable":true,"href":"https:\/\/ostrowskatv.pl\/index.php?rest_route=%2Fwp%2Fv2%2Fcomments&post=11410"}],"version-history":[{"count":0,"href":"https:\/\/ostrowskatv.pl\/index.php?rest_route=\/wp\/v2\/posts\/11410\/revisions"}],"wp:featuredmedia":[{"embeddable":true,"href":"https:\/\/ostrowskatv.pl\/index.php?rest_route=\/wp\/v2\/media\/11409"}],"wp:attachment":[{"href":"https:\/\/ostrowskatv.pl\/index.php?rest_route=%2Fwp%2Fv2%2Fmedia&parent=11410"}],"wp:term":[{"taxonomy":"category","embeddable":true,"href":"https:\/\/ostrowskatv.pl\/index.php?rest_route=%2Fwp%2Fv2%2Fcategories&post=11410"},{"taxonomy":"post_tag","embeddable":true,"href":"https:\/\/ostrowskatv.pl\/index.php?rest_route=%2Fwp%2Fv2%2Ftags&post=11410"}],"curies":[{"name":"wp","href":"https:\/\/api.w.org\/{rel}","templated":true}]}}