{"id":11392,"date":"2020-02-16T14:53:03","date_gmt":"2020-02-16T13:53:03","guid":{"rendered":"http:\/\/ostrowska.tv\/?p=11392"},"modified":"2020-02-16T14:53:03","modified_gmt":"2020-02-16T13:53:03","slug":"samochod-zapalil-sie-podczas-jazdy-akcja-przy-zus-ie","status":"publish","type":"post","link":"https:\/\/ostrowskatv.pl\/?p=11392","title":{"rendered":"Samoch\u00f3d zapali\u0142 si\u0119 podczas jazdy. Akcja przy ZUS-ie"},"content":{"rendered":"<p><strong>W niedzielne popo\u0142udnie kobieta kierowa\u0142a Seatem Cordob\u0105. Podczas jazdy spod maski zacz\u0105\u0142 wydobywa\u0107 si\u0119 dym. Kieruj\u0105ca zatrzyma\u0142a auto nieopodal ZUS-u i wezwa\u0142a stra\u017c po\u017carn\u0105.<\/strong><\/p>\n<p>Spaleniu uleg\u0142a komora silnika. Na szcz\u0119\u015bcie nikt nie ucierpia\u0142 w tym zdarzeniu.<\/p>\n<div id='gallery-1' class='gallery galleryid-11392 gallery-columns-3 gallery-size-thumbnail'><figure class='gallery-item'>\n\t\t\t<div class='gallery-icon landscape'>\n\t\t\t\t<a href='https:\/\/ostrowskatv.pl\/?attachment_id=11391'><img loading=\"lazy\" decoding=\"async\" width=\"150\" height=\"150\" src=\"https:\/\/ostrowskatv.pl\/wp-content\/uploads\/2020\/02\/IMG_20200216_131320-01-150x150.jpeg\" class=\"attachment-thumbnail size-thumbnail\" alt=\"\" \/><\/a>\n\t\t\t<\/div><\/figure><figure class='gallery-item'>\n\t\t\t<div class='gallery-icon landscape'>\n\t\t\t\t<a href='https:\/\/ostrowskatv.pl\/?attachment_id=11390'><img loading=\"lazy\" decoding=\"async\" width=\"150\" height=\"150\" src=\"https:\/\/ostrowskatv.pl\/wp-content\/uploads\/2020\/02\/IMG_20200216_131324-01-150x150.jpeg\" class=\"attachment-thumbnail size-thumbnail\" alt=\"\" \/><\/a>\n\t\t\t<\/div><\/figure>\n\t\t<\/div>\n\n","protected":false},"excerpt":{"rendered":"W niedzielne popo\u0142udnie kobieta kierowa\u0142a Seatem Cordob\u0105. Podczas jazdy spod maski zacz\u0105\u0142 wydobywa\u0107 si\u0119 dym. Kieruj\u0105ca zatrzyma\u0142a auto nieopodal ZUS-u i wezwa\u0142a stra\u017c \n<a class=\"moretag\" href=\"https:\/\/ostrowskatv.pl\/?p=11392\"> [...]<\/a>","protected":false},"author":1,"featured_media":11390,"comment_status":"open","ping_status":"closed","sticky":false,"template":"","format":"standard","meta":{"footnotes":""},"categories":[1],"tags":[2],"class_list":["post-11392","post","type-post","status-publish","format-standard","has-post-thumbnail","hentry","category-news","tag-ostrow-wielkopolski"],"_links":{"self":[{"href":"https:\/\/ostrowskatv.pl\/index.php?rest_route=\/wp\/v2\/posts\/11392","targetHints":{"allow":["GET"]}}],"collection":[{"href":"https:\/\/ostrowskatv.pl\/index.php?rest_route=\/wp\/v2\/posts"}],"about":[{"href":"https:\/\/ostrowskatv.pl\/index.php?rest_route=\/wp\/v2\/types\/post"}],"author":[{"embeddable":true,"href":"https:\/\/ostrowskatv.pl\/index.php?rest_route=\/wp\/v2\/users\/1"}],"replies":[{"embeddable":true,"href":"https:\/\/ostrowskatv.pl\/index.php?rest_route=%2Fwp%2Fv2%2Fcomments&post=11392"}],"version-history":[{"count":0,"href":"https:\/\/ostrowskatv.pl\/index.php?rest_route=\/wp\/v2\/posts\/11392\/revisions"}],"wp:featuredmedia":[{"embeddable":true,"href":"https:\/\/ostrowskatv.pl\/index.php?rest_route=\/wp\/v2\/media\/11390"}],"wp:attachment":[{"href":"https:\/\/ostrowskatv.pl\/index.php?rest_route=%2Fwp%2Fv2%2Fmedia&parent=11392"}],"wp:term":[{"taxonomy":"category","embeddable":true,"href":"https:\/\/ostrowskatv.pl\/index.php?rest_route=%2Fwp%2Fv2%2Fcategories&post=11392"},{"taxonomy":"post_tag","embeddable":true,"href":"https:\/\/ostrowskatv.pl\/index.php?rest_route=%2Fwp%2Fv2%2Ftags&post=11392"}],"curies":[{"name":"wp","href":"https:\/\/api.w.org\/{rel}","templated":true}]}}