{"id":11382,"date":"2020-02-15T09:50:21","date_gmt":"2020-02-15T08:50:21","guid":{"rendered":"http:\/\/ostrowska.tv\/?p=11382"},"modified":"2020-02-15T09:50:21","modified_gmt":"2020-02-15T08:50:21","slug":"walentynkowe-kolizje-na-rondzie-bankowym-wideo","status":"publish","type":"post","link":"https:\/\/ostrowskatv.pl\/?p=11382","title":{"rendered":"Walentynkowe kolizje na Rondzie Bankowym (wideo)"},"content":{"rendered":"<p><strong>Do dw\u00f3ch kolizji na Rondzie Bankowym dosz\u0142o w pi\u0105tek 14 lutego. Najpierw przed 6 rano kierowca Seicento chcia\u0142 zjecha\u0107 z pasa wewn\u0119trznego Rondo w ulic\u0119 Wroc\u0142awsk\u0105. W jego prawy bok uderzy\u0142 ciemny samoch\u00f3d. Kilka godzin p\u00f3\u017aniej z identycznym scenariuszem zderzy\u0142y si\u0119 dwa bia\u0142e auta.<\/strong><\/p>\n<p><iframe loading=\"lazy\" title=\"Kolizje na Rondzie Bankowym 14 lutego 2020\" width=\"747\" height=\"420\" src=\"https:\/\/www.youtube.com\/embed\/y9dNWqpDF_c?feature=oembed\" frameborder=\"0\" allow=\"accelerometer; autoplay; clipboard-write; encrypted-media; gyroscope; picture-in-picture; web-share\" referrerpolicy=\"strict-origin-when-cross-origin\" allowfullscreen><\/iframe><\/p>\n","protected":false},"excerpt":{"rendered":"Do dw\u00f3ch kolizji na Rondzie Bankowym dosz\u0142o w pi\u0105tek 14 lutego. Najpierw przed 6 rano kierowca Seicento chcia\u0142 zjecha\u0107 z pasa wewn\u0119trznego Rondo \n<a class=\"moretag\" href=\"https:\/\/ostrowskatv.pl\/?p=11382\"> [...]<\/a>","protected":false},"author":1,"featured_media":11383,"comment_status":"open","ping_status":"closed","sticky":false,"template":"","format":"standard","meta":{"footnotes":""},"categories":[1],"tags":[2],"class_list":["post-11382","post","type-post","status-publish","format-standard","has-post-thumbnail","hentry","category-news","tag-ostrow-wielkopolski"],"_links":{"self":[{"href":"https:\/\/ostrowskatv.pl\/index.php?rest_route=\/wp\/v2\/posts\/11382","targetHints":{"allow":["GET"]}}],"collection":[{"href":"https:\/\/ostrowskatv.pl\/index.php?rest_route=\/wp\/v2\/posts"}],"about":[{"href":"https:\/\/ostrowskatv.pl\/index.php?rest_route=\/wp\/v2\/types\/post"}],"author":[{"embeddable":true,"href":"https:\/\/ostrowskatv.pl\/index.php?rest_route=\/wp\/v2\/users\/1"}],"replies":[{"embeddable":true,"href":"https:\/\/ostrowskatv.pl\/index.php?rest_route=%2Fwp%2Fv2%2Fcomments&post=11382"}],"version-history":[{"count":0,"href":"https:\/\/ostrowskatv.pl\/index.php?rest_route=\/wp\/v2\/posts\/11382\/revisions"}],"wp:featuredmedia":[{"embeddable":true,"href":"https:\/\/ostrowskatv.pl\/index.php?rest_route=\/wp\/v2\/media\/11383"}],"wp:attachment":[{"href":"https:\/\/ostrowskatv.pl\/index.php?rest_route=%2Fwp%2Fv2%2Fmedia&parent=11382"}],"wp:term":[{"taxonomy":"category","embeddable":true,"href":"https:\/\/ostrowskatv.pl\/index.php?rest_route=%2Fwp%2Fv2%2Fcategories&post=11382"},{"taxonomy":"post_tag","embeddable":true,"href":"https:\/\/ostrowskatv.pl\/index.php?rest_route=%2Fwp%2Fv2%2Ftags&post=11382"}],"curies":[{"name":"wp","href":"https:\/\/api.w.org\/{rel}","templated":true}]}}