{"id":11371,"date":"2020-02-15T06:07:02","date_gmt":"2020-02-15T05:07:02","guid":{"rendered":"http:\/\/ostrowska.tv\/?p=11371"},"modified":"2020-02-15T06:07:02","modified_gmt":"2020-02-15T05:07:02","slug":"zamyslil-sie-o-swojej-walentynce-wjechal-do-rowu-kolo-fotoradaru","status":"publish","type":"post","link":"https:\/\/ostrowskatv.pl\/?p=11371","title":{"rendered":"Zamy\u015bli\u0142 si\u0119 o swojej walentynce? Wjecha\u0142 do rowu ko\u0142o fotoradaru"},"content":{"rendered":"<p><strong>W walentynkowy wiecz\u00f3r dosz\u0142o do zdarzenia drogowego ze szcz\u0119\u015bliwym fina\u0142em. Oko\u0142o 35-letni m\u0119\u017cczyzna jad\u0105c z Pi\u0142y do Ostrowa Wlkp., po mini\u0119ciu fotoradaru w Szczurach, wjecha\u0142 Oplem do\u00a0 rowu.<\/strong><\/p>\n<p>\u015awiadkowie zdarzenia zadzwonili po laweciarza z Lamek. Zanim przyjecha\u0142a pomoc drogowa, na miejscu pojawili si\u0119 funkcjonariusze policji.<\/p>\n<p>Kierowca Opla t\u0142umaczy\u0142 si\u0119 im, \u017ce do rowu wjecha\u0142, poniewa\u017c si\u0119 zamy\u015bli\u0142. W ten wyj\u0105tkowy wiecz\u00f3r wydaje si\u0119 by\u0107 ca\u0142kowicie naturalnym, \u017ce m\u00f3g\u0142 my\u015ble\u0107 wy\u0142\u0105cznie o swojej walentynce.<\/p>\n<p>Pierwszy laweciarz, kt\u00f3ry przyjecha\u0142 na miejsce, stwierdzi\u0142 \u017ce nie podejmie si\u0119 zadania z powodu du\u017cego pochylenia auta i ryzyka, \u017ce Opel przewr\u00f3ci si\u0119 i b\u0119d\u0105 dodatkowe uszkodzenia. Odjecha\u0142 z miejsca nie pobieraj\u0105c op\u0142aty za fatyg\u0119.<\/p>\n<p>Po kilkudziesi\u0119ciu minutach dojecha\u0142a druga pomoc drogowa z wi\u0119kszym holownikiem, kt\u00f3ra bez problemu poradzi\u0142a sobie z zadaniem.<\/p>\n<p>Kierowca Opla zosta\u0142 ukarany mandatem karnym w wysoko\u015bci 100 z\u0142. Na szcz\u0119\u015bcie auto okaza\u0142o si\u0119 wyj\u015b\u0107 ze zdarzenia bez szwanku.Kierowca b\u0119d\u0105c ju\u017c ca\u0142kowicie rze\u015bkim na umy\u015ble, m\u00f3g\u0142 doko\u0144czy\u0107 swoj\u0105 podr\u00f3\u017c.<\/p>\n<div id='gallery-1' class='gallery galleryid-11371 gallery-columns-3 gallery-size-thumbnail'><figure class='gallery-item'>\n\t\t\t<div class='gallery-icon landscape'>\n\t\t\t\t<a href='https:\/\/ostrowskatv.pl\/?attachment_id=11372'><img loading=\"lazy\" decoding=\"async\" width=\"150\" height=\"150\" src=\"https:\/\/ostrowskatv.pl\/wp-content\/uploads\/2020\/02\/IMG_20200214_205007-01-150x150.jpeg\" class=\"attachment-thumbnail size-thumbnail\" alt=\"\" \/><\/a>\n\t\t\t<\/div><\/figure><figure class='gallery-item'>\n\t\t\t<div class='gallery-icon landscape'>\n\t\t\t\t<a href='https:\/\/ostrowskatv.pl\/?attachment_id=11373'><img loading=\"lazy\" decoding=\"async\" width=\"150\" height=\"150\" src=\"https:\/\/ostrowskatv.pl\/wp-content\/uploads\/2020\/02\/IMG_20200214_193512-01-150x150.jpeg\" class=\"attachment-thumbnail size-thumbnail\" alt=\"\" \/><\/a>\n\t\t\t<\/div><\/figure>\n\t\t<\/div>\n\n","protected":false},"excerpt":{"rendered":"W walentynkowy wiecz\u00f3r dosz\u0142o do zdarzenia drogowego ze szcz\u0119\u015bliwym fina\u0142em. Oko\u0142o 35-letni m\u0119\u017cczyzna jad\u0105c z Pi\u0142y do Ostrowa Wlkp., po mini\u0119ciu fotoradaru w \n<a class=\"moretag\" href=\"https:\/\/ostrowskatv.pl\/?p=11371\"> [...]<\/a>","protected":false},"author":1,"featured_media":11373,"comment_status":"open","ping_status":"closed","sticky":false,"template":"","format":"standard","meta":{"footnotes":""},"categories":[1],"tags":[95],"class_list":["post-11371","post","type-post","status-publish","format-standard","has-post-thumbnail","hentry","category-news","tag-szczury"],"_links":{"self":[{"href":"https:\/\/ostrowskatv.pl\/index.php?rest_route=\/wp\/v2\/posts\/11371","targetHints":{"allow":["GET"]}}],"collection":[{"href":"https:\/\/ostrowskatv.pl\/index.php?rest_route=\/wp\/v2\/posts"}],"about":[{"href":"https:\/\/ostrowskatv.pl\/index.php?rest_route=\/wp\/v2\/types\/post"}],"author":[{"embeddable":true,"href":"https:\/\/ostrowskatv.pl\/index.php?rest_route=\/wp\/v2\/users\/1"}],"replies":[{"embeddable":true,"href":"https:\/\/ostrowskatv.pl\/index.php?rest_route=%2Fwp%2Fv2%2Fcomments&post=11371"}],"version-history":[{"count":0,"href":"https:\/\/ostrowskatv.pl\/index.php?rest_route=\/wp\/v2\/posts\/11371\/revisions"}],"wp:featuredmedia":[{"embeddable":true,"href":"https:\/\/ostrowskatv.pl\/index.php?rest_route=\/wp\/v2\/media\/11373"}],"wp:attachment":[{"href":"https:\/\/ostrowskatv.pl\/index.php?rest_route=%2Fwp%2Fv2%2Fmedia&parent=11371"}],"wp:term":[{"taxonomy":"category","embeddable":true,"href":"https:\/\/ostrowskatv.pl\/index.php?rest_route=%2Fwp%2Fv2%2Fcategories&post=11371"},{"taxonomy":"post_tag","embeddable":true,"href":"https:\/\/ostrowskatv.pl\/index.php?rest_route=%2Fwp%2Fv2%2Ftags&post=11371"}],"curies":[{"name":"wp","href":"https:\/\/api.w.org\/{rel}","templated":true}]}}