{"id":11346,"date":"2020-02-13T09:34:44","date_gmt":"2020-02-13T08:34:44","guid":{"rendered":"http:\/\/ostrowska.tv\/?p=11346"},"modified":"2020-02-13T09:54:18","modified_gmt":"2020-02-13T08:54:18","slug":"wypadek-ciezarowki-i-busa-w-radlowie","status":"publish","type":"post","link":"https:\/\/ostrowskatv.pl\/?p=11346","title":{"rendered":"Wypadek ci\u0119\u017car\u00f3wki i busa w Rad\u0142owie"},"content":{"rendered":"<p><strong>W czwartek rano dosz\u0142o do powa\u017cnie wygl\u0105daj\u0105cego wypadku w Rad\u0142owie. Na g\u0142\u00f3wnej drodze zderzy\u0142y si\u0119 samoch\u00f3d ci\u0119\u017carowy i bus. <\/strong><\/p>\n<p>Ze wst\u0119pnych ustale\u0144 wynika, \u017ce kierowca busa skr\u0119ca\u0142 w lewo na poblisk\u0105 posesj\u0119. Jad\u0105c za autobusem, kt\u00f3ry swoimi gabarytami zas\u0142oni\u0142 mu widok na auta jad\u0105ce z przeciwka. Poniewa\u017c bus zaje\u017cd\u017ca\u0142 drog\u0119 kierowcy samochodu ci\u0119\u017carowego, ten podj\u0105\u0142 manewr obronny i odbi\u0142 te\u017c w swoje lewo.<\/p>\n<p>Ostatecznie oba pojazdy si\u0119 zderzy\u0142y. Ci\u0119\u017car\u00f3wka wjecha\u0142a na pobliskie pole, a bus przewr\u00f3ci\u0142 si\u0119 na bok. Kierowc\u0119 busa zabrano do szpitala, poniewa\u017c bezpo\u015brednio po zdarzeniu wypadek z kabiny z powodu niezapi\u0119tych pas\u00f3w bezpiecze\u0144stwa. By\u0142 przytomny.<\/p>\n<div id='gallery-1' class='gallery galleryid-11346 gallery-columns-3 gallery-size-thumbnail'><figure class='gallery-item'>\n\t\t\t<div class='gallery-icon landscape'>\n\t\t\t\t<a href='https:\/\/ostrowskatv.pl\/?attachment_id=11345'><img loading=\"lazy\" decoding=\"async\" width=\"150\" height=\"150\" src=\"https:\/\/ostrowskatv.pl\/wp-content\/uploads\/2020\/02\/IMG_20200213_091754-01-150x150.jpeg\" class=\"attachment-thumbnail size-thumbnail\" alt=\"\" \/><\/a>\n\t\t\t<\/div><\/figure><figure class='gallery-item'>\n\t\t\t<div class='gallery-icon landscape'>\n\t\t\t\t<a href='https:\/\/ostrowskatv.pl\/?attachment_id=11344'><img loading=\"lazy\" decoding=\"async\" width=\"150\" height=\"150\" src=\"https:\/\/ostrowskatv.pl\/wp-content\/uploads\/2020\/02\/IMG_20200213_091758-01-150x150.jpeg\" class=\"attachment-thumbnail size-thumbnail\" alt=\"\" \/><\/a>\n\t\t\t<\/div><\/figure><figure class='gallery-item'>\n\t\t\t<div class='gallery-icon landscape'>\n\t\t\t\t<a href='https:\/\/ostrowskatv.pl\/?attachment_id=11343'><img loading=\"lazy\" decoding=\"async\" width=\"150\" height=\"150\" src=\"https:\/\/ostrowskatv.pl\/wp-content\/uploads\/2020\/02\/IMG_20200213_091940-01-150x150.jpeg\" class=\"attachment-thumbnail size-thumbnail\" alt=\"\" \/><\/a>\n\t\t\t<\/div><\/figure><figure class='gallery-item'>\n\t\t\t<div class='gallery-icon portrait'>\n\t\t\t\t<a href='https:\/\/ostrowskatv.pl\/?attachment_id=11348'><img loading=\"lazy\" decoding=\"async\" width=\"150\" height=\"150\" src=\"https:\/\/ostrowskatv.pl\/wp-content\/uploads\/2020\/02\/IMG_20200213_093844-01-150x150.jpeg\" class=\"attachment-thumbnail size-thumbnail\" alt=\"\" \/><\/a>\n\t\t\t<\/div><\/figure>\n\t\t<\/div>\n\n","protected":false},"excerpt":{"rendered":"W czwartek rano dosz\u0142o do powa\u017cnie wygl\u0105daj\u0105cego wypadku w Rad\u0142owie. Na g\u0142\u00f3wnej drodze zderzy\u0142y si\u0119 samoch\u00f3d ci\u0119\u017carowy i bus. Ze wst\u0119pnych ustale\u0144 wynika, \n<a class=\"moretag\" href=\"https:\/\/ostrowskatv.pl\/?p=11346\"> [...]<\/a>","protected":false},"author":1,"featured_media":11345,"comment_status":"open","ping_status":"closed","sticky":false,"template":"","format":"standard","meta":{"footnotes":""},"categories":[1],"tags":[138],"class_list":["post-11346","post","type-post","status-publish","format-standard","has-post-thumbnail","hentry","category-news","tag-radlow"],"_links":{"self":[{"href":"https:\/\/ostrowskatv.pl\/index.php?rest_route=\/wp\/v2\/posts\/11346","targetHints":{"allow":["GET"]}}],"collection":[{"href":"https:\/\/ostrowskatv.pl\/index.php?rest_route=\/wp\/v2\/posts"}],"about":[{"href":"https:\/\/ostrowskatv.pl\/index.php?rest_route=\/wp\/v2\/types\/post"}],"author":[{"embeddable":true,"href":"https:\/\/ostrowskatv.pl\/index.php?rest_route=\/wp\/v2\/users\/1"}],"replies":[{"embeddable":true,"href":"https:\/\/ostrowskatv.pl\/index.php?rest_route=%2Fwp%2Fv2%2Fcomments&post=11346"}],"version-history":[{"count":0,"href":"https:\/\/ostrowskatv.pl\/index.php?rest_route=\/wp\/v2\/posts\/11346\/revisions"}],"wp:featuredmedia":[{"embeddable":true,"href":"https:\/\/ostrowskatv.pl\/index.php?rest_route=\/wp\/v2\/media\/11345"}],"wp:attachment":[{"href":"https:\/\/ostrowskatv.pl\/index.php?rest_route=%2Fwp%2Fv2%2Fmedia&parent=11346"}],"wp:term":[{"taxonomy":"category","embeddable":true,"href":"https:\/\/ostrowskatv.pl\/index.php?rest_route=%2Fwp%2Fv2%2Fcategories&post=11346"},{"taxonomy":"post_tag","embeddable":true,"href":"https:\/\/ostrowskatv.pl\/index.php?rest_route=%2Fwp%2Fv2%2Ftags&post=11346"}],"curies":[{"name":"wp","href":"https:\/\/api.w.org\/{rel}","templated":true}]}}