{"id":11325,"date":"2020-02-10T13:26:58","date_gmt":"2020-02-10T12:26:58","guid":{"rendered":"http:\/\/ostrowska.tv\/?p=11325"},"modified":"2020-02-10T13:26:58","modified_gmt":"2020-02-10T12:26:58","slug":"lpr-wyladowal-przy-sp7","status":"publish","type":"post","link":"https:\/\/ostrowskatv.pl\/?p=11325","title":{"rendered":"LPR wyl\u0105dowa\u0142 przy SP7"},"content":{"rendered":"<p><strong>\u015amig\u0142owiec LPR wyl\u0105dowa\u0142 przy Szkole Podstawowej nr 7. Wywo\u0142a\u0142o to spory niepok\u00f3j u cz\u0119\u015bci rodzic\u00f3w odbieraj\u0105cych dzieci ze szko\u0142y. Obawiali si\u0119, \u017ce co\u015b mog\u0142o si\u0119\u00a0 komu\u015b sta\u0107 na terenie szko\u0142y.<\/strong><\/p>\n<p>W rzeczywisto\u015bci pilnej interwencji medycznej wymaga\u0142 pacjent z ul. Rejtana, u kt\u00f3rego nast\u0105pi\u0142o nag\u0142e zatrzymanie kr\u0105\u017cenia.<\/p>\n<p>Na miejscu byli tak\u017ce ratownicy z karetki podstawowej oraz stra\u017cacy do ewentualnej pomocy w transporcie pacjenta.<\/p>\n","protected":false},"excerpt":{"rendered":"\u015amig\u0142owiec LPR wyl\u0105dowa\u0142 przy Szkole Podstawowej nr 7. Wywo\u0142a\u0142o to spory niepok\u00f3j u cz\u0119\u015bci rodzic\u00f3w odbieraj\u0105cych dzieci ze szko\u0142y. Obawiali si\u0119, \u017ce co\u015b \n<a class=\"moretag\" href=\"https:\/\/ostrowskatv.pl\/?p=11325\"> [...]<\/a>","protected":false},"author":1,"featured_media":11324,"comment_status":"open","ping_status":"closed","sticky":false,"template":"","format":"standard","meta":{"footnotes":""},"categories":[1],"tags":[2],"class_list":["post-11325","post","type-post","status-publish","format-standard","has-post-thumbnail","hentry","category-news","tag-ostrow-wielkopolski"],"_links":{"self":[{"href":"https:\/\/ostrowskatv.pl\/index.php?rest_route=\/wp\/v2\/posts\/11325","targetHints":{"allow":["GET"]}}],"collection":[{"href":"https:\/\/ostrowskatv.pl\/index.php?rest_route=\/wp\/v2\/posts"}],"about":[{"href":"https:\/\/ostrowskatv.pl\/index.php?rest_route=\/wp\/v2\/types\/post"}],"author":[{"embeddable":true,"href":"https:\/\/ostrowskatv.pl\/index.php?rest_route=\/wp\/v2\/users\/1"}],"replies":[{"embeddable":true,"href":"https:\/\/ostrowskatv.pl\/index.php?rest_route=%2Fwp%2Fv2%2Fcomments&post=11325"}],"version-history":[{"count":0,"href":"https:\/\/ostrowskatv.pl\/index.php?rest_route=\/wp\/v2\/posts\/11325\/revisions"}],"wp:featuredmedia":[{"embeddable":true,"href":"https:\/\/ostrowskatv.pl\/index.php?rest_route=\/wp\/v2\/media\/11324"}],"wp:attachment":[{"href":"https:\/\/ostrowskatv.pl\/index.php?rest_route=%2Fwp%2Fv2%2Fmedia&parent=11325"}],"wp:term":[{"taxonomy":"category","embeddable":true,"href":"https:\/\/ostrowskatv.pl\/index.php?rest_route=%2Fwp%2Fv2%2Fcategories&post=11325"},{"taxonomy":"post_tag","embeddable":true,"href":"https:\/\/ostrowskatv.pl\/index.php?rest_route=%2Fwp%2Fv2%2Ftags&post=11325"}],"curies":[{"name":"wp","href":"https:\/\/api.w.org\/{rel}","templated":true}]}}