{"id":11312,"date":"2020-02-09T21:36:12","date_gmt":"2020-02-09T20:36:12","guid":{"rendered":"http:\/\/ostrowska.tv\/?p=11312"},"modified":"2020-02-09T21:36:12","modified_gmt":"2020-02-09T20:36:12","slug":"dwie-specyficzne-kolizje-na-rondzie-bankowym","status":"publish","type":"post","link":"https:\/\/ostrowskatv.pl\/?p=11312","title":{"rendered":"Dwie specyficzne kolizje na rondzie bankowym"},"content":{"rendered":"<p><strong>W sobot\u0119 dosz\u0142o do dw\u00f3ch kolizji na Rondzie Bankowym. Reakcje kierowc\u00f3w, kt\u00f3rzy wed\u0142ug prawa poruszaj\u0105 si\u0119 zgodnie z prawem s\u0105 do\u015b\u0107 specyficzne, ale dok\u0142adn\u0105 ocen\u0119 pozostawiamy Pa\u0144stwu.<\/strong><\/p>\n<p>W jednym przypadku Opel uderzy\u0142 w auto jad\u0105ce po wewn\u0119trznym pasie ronda. W chwili kiedy to auto chcia\u0142o zmieni\u0107 pas, by opu\u015bci\u0107 rondo, zosta\u0142o uderzone przez Opla. W drugim przypadku kierowca BMW uderza w Peugeota. Ten skosi\u0142 znak i zatrzyma\u0142 si\u0119 na wielkiej donicy.<\/p>\n<p><iframe loading=\"lazy\" title=\"Kolizje na Rondzie Bankowym\" width=\"747\" height=\"420\" src=\"https:\/\/www.youtube.com\/embed\/6GKCqurwNIQ?feature=oembed\" frameborder=\"0\" allow=\"accelerometer; autoplay; clipboard-write; encrypted-media; gyroscope; picture-in-picture; web-share\" referrerpolicy=\"strict-origin-when-cross-origin\" allowfullscreen><\/iframe><\/p>\n","protected":false},"excerpt":{"rendered":"W sobot\u0119 dosz\u0142o do dw\u00f3ch kolizji na Rondzie Bankowym. Reakcje kierowc\u00f3w, kt\u00f3rzy wed\u0142ug prawa poruszaj\u0105 si\u0119 zgodnie z prawem s\u0105 do\u015b\u0107 specyficzne, ale \n<a class=\"moretag\" href=\"https:\/\/ostrowskatv.pl\/?p=11312\"> [...]<\/a>","protected":false},"author":1,"featured_media":11311,"comment_status":"open","ping_status":"closed","sticky":false,"template":"","format":"standard","meta":{"footnotes":""},"categories":[1],"tags":[2],"class_list":["post-11312","post","type-post","status-publish","format-standard","has-post-thumbnail","hentry","category-news","tag-ostrow-wielkopolski"],"_links":{"self":[{"href":"https:\/\/ostrowskatv.pl\/index.php?rest_route=\/wp\/v2\/posts\/11312","targetHints":{"allow":["GET"]}}],"collection":[{"href":"https:\/\/ostrowskatv.pl\/index.php?rest_route=\/wp\/v2\/posts"}],"about":[{"href":"https:\/\/ostrowskatv.pl\/index.php?rest_route=\/wp\/v2\/types\/post"}],"author":[{"embeddable":true,"href":"https:\/\/ostrowskatv.pl\/index.php?rest_route=\/wp\/v2\/users\/1"}],"replies":[{"embeddable":true,"href":"https:\/\/ostrowskatv.pl\/index.php?rest_route=%2Fwp%2Fv2%2Fcomments&post=11312"}],"version-history":[{"count":0,"href":"https:\/\/ostrowskatv.pl\/index.php?rest_route=\/wp\/v2\/posts\/11312\/revisions"}],"wp:featuredmedia":[{"embeddable":true,"href":"https:\/\/ostrowskatv.pl\/index.php?rest_route=\/wp\/v2\/media\/11311"}],"wp:attachment":[{"href":"https:\/\/ostrowskatv.pl\/index.php?rest_route=%2Fwp%2Fv2%2Fmedia&parent=11312"}],"wp:term":[{"taxonomy":"category","embeddable":true,"href":"https:\/\/ostrowskatv.pl\/index.php?rest_route=%2Fwp%2Fv2%2Fcategories&post=11312"},{"taxonomy":"post_tag","embeddable":true,"href":"https:\/\/ostrowskatv.pl\/index.php?rest_route=%2Fwp%2Fv2%2Ftags&post=11312"}],"curies":[{"name":"wp","href":"https:\/\/api.w.org\/{rel}","templated":true}]}}