{"id":11301,"date":"2020-02-06T20:55:53","date_gmt":"2020-02-06T19:55:53","guid":{"rendered":"http:\/\/ostrowska.tv\/?p=11301"},"modified":"2020-02-06T20:55:53","modified_gmt":"2020-02-06T19:55:53","slug":"zaslabl-w-aucie-i-pomimo-reanimacji-zmarl","status":"publish","type":"post","link":"https:\/\/ostrowskatv.pl\/?p=11301","title":{"rendered":"Zas\u0142ab\u0142 w aucie i pomimo reanimacji zmar\u0142"},"content":{"rendered":"<p><strong>Po godzinie 19.00 na ul. Partyzanckiej przechodnie byli \u015bwiadkami d\u0142ugiej reanimacji. Wcze\u015bniej kierowca BMW zas\u0142ab\u0142 jad\u0105c ulic\u0105 Partyzanck\u0105. Pod numerem alarmowym 112 zasugerowano, \u017ceby wyj\u0105\u0107 m\u0119\u017cczyzn\u0119 z auta i w razie braku oddechu rozpocz\u0105\u0107 reanimacj\u0119.<\/strong><\/p>\n<p>Pomimo kilkudziesi\u0119ciu minut stara\u0144 medyk\u00f3w, nie uda\u0142o si\u0119 przywr\u00f3ci\u0107 czynno\u015bci \u017cyciowych u 60-letniego m\u0119\u017cczyzny. Przechodnie zastanawiali si\u0119 czy dosz\u0142o do kolejnego potr\u0105cenia z uwagi na blisko\u015b\u0107 przej\u015bcia dla pieszych.<\/p>\n<div id='gallery-1' class='gallery galleryid-11301 gallery-columns-3 gallery-size-thumbnail'><figure class='gallery-item'>\n\t\t\t<div class='gallery-icon landscape'>\n\t\t\t\t<a href='https:\/\/ostrowskatv.pl\/?attachment_id=11302'><img loading=\"lazy\" decoding=\"async\" width=\"150\" height=\"150\" src=\"https:\/\/ostrowskatv.pl\/wp-content\/uploads\/2020\/02\/IMG_20200206_195923-01-150x150.jpeg\" class=\"attachment-thumbnail size-thumbnail\" alt=\"\" \/><\/a>\n\t\t\t<\/div><\/figure><figure class='gallery-item'>\n\t\t\t<div class='gallery-icon landscape'>\n\t\t\t\t<a href='https:\/\/ostrowskatv.pl\/?attachment_id=11303'><img loading=\"lazy\" decoding=\"async\" width=\"150\" height=\"150\" src=\"https:\/\/ostrowskatv.pl\/wp-content\/uploads\/2020\/02\/IMG_20200206_201502-01-150x150.jpeg\" class=\"attachment-thumbnail size-thumbnail\" alt=\"\" \/><\/a>\n\t\t\t<\/div><\/figure>\n\t\t<\/div>\n\n","protected":false},"excerpt":{"rendered":"Po godzinie 19.00 na ul. Partyzanckiej przechodnie byli \u015bwiadkami d\u0142ugiej reanimacji. Wcze\u015bniej kierowca BMW zas\u0142ab\u0142 jad\u0105c ulic\u0105 Partyzanck\u0105. Pod numerem alarmowym 112 zasugerowano, \n<a class=\"moretag\" href=\"https:\/\/ostrowskatv.pl\/?p=11301\"> [...]<\/a>","protected":false},"author":1,"featured_media":11302,"comment_status":"open","ping_status":"closed","sticky":false,"template":"","format":"standard","meta":{"footnotes":""},"categories":[1],"tags":[2],"class_list":["post-11301","post","type-post","status-publish","format-standard","has-post-thumbnail","hentry","category-news","tag-ostrow-wielkopolski"],"_links":{"self":[{"href":"https:\/\/ostrowskatv.pl\/index.php?rest_route=\/wp\/v2\/posts\/11301","targetHints":{"allow":["GET"]}}],"collection":[{"href":"https:\/\/ostrowskatv.pl\/index.php?rest_route=\/wp\/v2\/posts"}],"about":[{"href":"https:\/\/ostrowskatv.pl\/index.php?rest_route=\/wp\/v2\/types\/post"}],"author":[{"embeddable":true,"href":"https:\/\/ostrowskatv.pl\/index.php?rest_route=\/wp\/v2\/users\/1"}],"replies":[{"embeddable":true,"href":"https:\/\/ostrowskatv.pl\/index.php?rest_route=%2Fwp%2Fv2%2Fcomments&post=11301"}],"version-history":[{"count":0,"href":"https:\/\/ostrowskatv.pl\/index.php?rest_route=\/wp\/v2\/posts\/11301\/revisions"}],"wp:featuredmedia":[{"embeddable":true,"href":"https:\/\/ostrowskatv.pl\/index.php?rest_route=\/wp\/v2\/media\/11302"}],"wp:attachment":[{"href":"https:\/\/ostrowskatv.pl\/index.php?rest_route=%2Fwp%2Fv2%2Fmedia&parent=11301"}],"wp:term":[{"taxonomy":"category","embeddable":true,"href":"https:\/\/ostrowskatv.pl\/index.php?rest_route=%2Fwp%2Fv2%2Fcategories&post=11301"},{"taxonomy":"post_tag","embeddable":true,"href":"https:\/\/ostrowskatv.pl\/index.php?rest_route=%2Fwp%2Fv2%2Ftags&post=11301"}],"curies":[{"name":"wp","href":"https:\/\/api.w.org\/{rel}","templated":true}]}}