{"id":11202,"date":"2020-01-31T21:50:09","date_gmt":"2020-01-31T20:50:09","guid":{"rendered":"http:\/\/ostrowska.tv\/?p=11202"},"modified":"2020-01-31T21:53:23","modified_gmt":"2020-01-31T20:53:23","slug":"bmw-wylecial-z-ronda-na-wysockiej-i-wjechal-w-opla","status":"publish","type":"post","link":"https:\/\/ostrowskatv.pl\/?p=11202","title":{"rendered":"BMW wylecia\u0142 z ronda na Wysockiej i wjecha\u0142 w Peugeota"},"content":{"rendered":"<p><strong>Kierowca BMW jad\u0105c przez rondo na Wysockiej nie zachowa\u0142 ostro\u017cno\u015bci i wjechal w ty\u0142 zaparkowanego Opla. Prz\u00f3d samochodu sprawcy by\u0142 doszcz\u0119tnie zniszczony. Obaj kierowcy podj\u0119li decyzj\u0119 by nie wzywa\u0107 policji i spisali o\u015bwiadczenie. Do zdarzenia dosz\u0142o w pi\u0105tkowy wiecz\u00f3r.\u00a0<\/strong><\/p>\n","protected":false},"excerpt":{"rendered":"Kierowca BMW jad\u0105c przez rondo na Wysockiej nie zachowa\u0142 ostro\u017cno\u015bci i wjechal w ty\u0142 zaparkowanego Opla. Prz\u00f3d samochodu sprawcy by\u0142 doszcz\u0119tnie zniszczony. Obaj \n<a class=\"moretag\" href=\"https:\/\/ostrowskatv.pl\/?p=11202\"> [...]<\/a>","protected":false},"author":1,"featured_media":11203,"comment_status":"open","ping_status":"closed","sticky":false,"template":"","format":"standard","meta":{"footnotes":""},"categories":[1],"tags":[2],"class_list":["post-11202","post","type-post","status-publish","format-standard","has-post-thumbnail","hentry","category-news","tag-ostrow-wielkopolski"],"_links":{"self":[{"href":"https:\/\/ostrowskatv.pl\/index.php?rest_route=\/wp\/v2\/posts\/11202","targetHints":{"allow":["GET"]}}],"collection":[{"href":"https:\/\/ostrowskatv.pl\/index.php?rest_route=\/wp\/v2\/posts"}],"about":[{"href":"https:\/\/ostrowskatv.pl\/index.php?rest_route=\/wp\/v2\/types\/post"}],"author":[{"embeddable":true,"href":"https:\/\/ostrowskatv.pl\/index.php?rest_route=\/wp\/v2\/users\/1"}],"replies":[{"embeddable":true,"href":"https:\/\/ostrowskatv.pl\/index.php?rest_route=%2Fwp%2Fv2%2Fcomments&post=11202"}],"version-history":[{"count":0,"href":"https:\/\/ostrowskatv.pl\/index.php?rest_route=\/wp\/v2\/posts\/11202\/revisions"}],"wp:featuredmedia":[{"embeddable":true,"href":"https:\/\/ostrowskatv.pl\/index.php?rest_route=\/wp\/v2\/media\/11203"}],"wp:attachment":[{"href":"https:\/\/ostrowskatv.pl\/index.php?rest_route=%2Fwp%2Fv2%2Fmedia&parent=11202"}],"wp:term":[{"taxonomy":"category","embeddable":true,"href":"https:\/\/ostrowskatv.pl\/index.php?rest_route=%2Fwp%2Fv2%2Fcategories&post=11202"},{"taxonomy":"post_tag","embeddable":true,"href":"https:\/\/ostrowskatv.pl\/index.php?rest_route=%2Fwp%2Fv2%2Ftags&post=11202"}],"curies":[{"name":"wp","href":"https:\/\/api.w.org\/{rel}","templated":true}]}}