{"id":11199,"date":"2020-01-31T19:22:37","date_gmt":"2020-01-31T18:22:37","guid":{"rendered":"http:\/\/ostrowska.tv\/?p=11199"},"modified":"2020-01-31T19:22:37","modified_gmt":"2020-01-31T18:22:37","slug":"kolizja-na-rondzie-bankowym-bmw-i-volkswagen-wideo","status":"publish","type":"post","link":"https:\/\/ostrowskatv.pl\/?p=11199","title":{"rendered":"Kolizja na Rondzie Bankowym &#8211; BMW i Volkswagen (wideo)"},"content":{"rendered":"<p><strong>Oko\u0142o godz. 18.30 na Rondzie Bankowym zderzy\u0142y si\u0119 dwa auta osobowe kierowane przez kobiety. Zar\u00f3wno Volkswagen jak i BMW wyruszy\u0142y od strony II Liceum Og\u00f3lnokszta\u0142c\u0105cego. Kieruj\u0105ca Volkswagenem jad\u0105c wewn\u0119trznym pasem ronda w\u0142\u0105czy\u0142a prawy kierunkowskaz, zamierzaj\u0105c opu\u015bci\u0107 rondo i kontynuowa\u0107 podr\u00f3\u017c ulic\u0105 Wroc\u0142awsk\u0105. Taki sam zamiar, ale z zewn\u0119trznego pasa mia\u0142a kieruj\u0105ca BMW.<\/strong><\/p>\n<p>Pomimo w\u0142\u0105czonego kierunkowskazu z odpowiednim wyprzedzeniem nie wykaza\u0142a si\u0119 ostro\u017cno\u015bci\u0105 i wjecha\u0142a w bok Volkswagena. Mimo wszystko orzekana jest wina jad\u0105cych wewn\u0119trznym pasem, bo to oni powinni si\u0119 upewni\u0107 czy mog\u0105 zmieni\u0107 pas ruchu i tym samym opu\u015bci\u0107 rondo. To miejsce jest jednak na tyle szczeg\u00f3lne, \u017ce nawet Ci prawid\u0142owo jad\u0105cy powinni zachowywa\u0107 szczeg\u00f3ln\u0105 ostro\u017cno\u015b\u0107 i przewidywa\u0107 mo\u017cliwo\u015b\u0107 pope\u0142nienia b\u0142\u0119du przez drugiego kierowc\u0119.<\/p>\n<p><iframe loading=\"lazy\" title=\"Kolizja na Rondzie Bankowym - BMW i Volkswagen\" width=\"747\" height=\"420\" src=\"https:\/\/www.youtube.com\/embed\/GP3qg0Qx1-U?feature=oembed\" frameborder=\"0\" allow=\"accelerometer; autoplay; clipboard-write; encrypted-media; gyroscope; picture-in-picture; web-share\" referrerpolicy=\"strict-origin-when-cross-origin\" allowfullscreen><\/iframe><\/p>\n<p>&nbsp;<\/p>\n","protected":false},"excerpt":{"rendered":"Oko\u0142o godz. 18.30 na Rondzie Bankowym zderzy\u0142y si\u0119 dwa auta osobowe kierowane przez kobiety. Zar\u00f3wno Volkswagen jak i BMW wyruszy\u0142y od strony II \n<a class=\"moretag\" href=\"https:\/\/ostrowskatv.pl\/?p=11199\"> [...]<\/a>","protected":false},"author":1,"featured_media":11200,"comment_status":"open","ping_status":"closed","sticky":false,"template":"","format":"standard","meta":{"footnotes":""},"categories":[1],"tags":[2],"class_list":["post-11199","post","type-post","status-publish","format-standard","has-post-thumbnail","hentry","category-news","tag-ostrow-wielkopolski"],"_links":{"self":[{"href":"https:\/\/ostrowskatv.pl\/index.php?rest_route=\/wp\/v2\/posts\/11199","targetHints":{"allow":["GET"]}}],"collection":[{"href":"https:\/\/ostrowskatv.pl\/index.php?rest_route=\/wp\/v2\/posts"}],"about":[{"href":"https:\/\/ostrowskatv.pl\/index.php?rest_route=\/wp\/v2\/types\/post"}],"author":[{"embeddable":true,"href":"https:\/\/ostrowskatv.pl\/index.php?rest_route=\/wp\/v2\/users\/1"}],"replies":[{"embeddable":true,"href":"https:\/\/ostrowskatv.pl\/index.php?rest_route=%2Fwp%2Fv2%2Fcomments&post=11199"}],"version-history":[{"count":0,"href":"https:\/\/ostrowskatv.pl\/index.php?rest_route=\/wp\/v2\/posts\/11199\/revisions"}],"wp:featuredmedia":[{"embeddable":true,"href":"https:\/\/ostrowskatv.pl\/index.php?rest_route=\/wp\/v2\/media\/11200"}],"wp:attachment":[{"href":"https:\/\/ostrowskatv.pl\/index.php?rest_route=%2Fwp%2Fv2%2Fmedia&parent=11199"}],"wp:term":[{"taxonomy":"category","embeddable":true,"href":"https:\/\/ostrowskatv.pl\/index.php?rest_route=%2Fwp%2Fv2%2Fcategories&post=11199"},{"taxonomy":"post_tag","embeddable":true,"href":"https:\/\/ostrowskatv.pl\/index.php?rest_route=%2Fwp%2Fv2%2Ftags&post=11199"}],"curies":[{"name":"wp","href":"https:\/\/api.w.org\/{rel}","templated":true}]}}