{"id":11188,"date":"2020-01-30T11:43:26","date_gmt":"2020-01-30T10:43:26","guid":{"rendered":"http:\/\/ostrowska.tv\/?p=11188"},"modified":"2020-01-30T11:43:26","modified_gmt":"2020-01-30T10:43:26","slug":"strazacy-sciagali-mezczyzne-z-rusztowania","status":"publish","type":"post","link":"https:\/\/ostrowskatv.pl\/?p=11188","title":{"rendered":"Stra\u017cacy \u015bci\u0105gali m\u0119\u017cczyzn\u0119 z rusztowania"},"content":{"rendered":"<p><strong>O godzinie 11.00 ostrowscy stra\u017cacy zostali wezwani do udzielenia pomocy za\u0142odze karetki pogotowia. Okaza\u0142o si\u0119, \u017ce zas\u0142ab\u0142 jeden z pracownik\u00f3w firmy modernizuj\u0105cej elewacj\u0119 bloku przy ul. D\u0142ugosza w Ostrowie Wlkp.<\/strong><\/p>\n<p>M\u0119\u017cczyzna le\u017ca\u0142 na wysoko\u015bci 1 pi\u0119tra. Rozwa\u017cano u\u017cycie kosza na wysi\u0119gniku. Z powodu utrudnionego dost\u0119pu, podj\u0119to decyzj\u0119 o zniesieniu m\u0119\u017cczyzny po rusztowaniu. Wcze\u015bniej zosta\u0142 przymocowany do deski ratowniczej.<\/p>\n<p>Na ziemi przekazano poszkodowanego w r\u0119ce za\u0142ogi karetki pogotowia. Okaza\u0142o si\u0119, \u017ce m\u0119\u017cczyzna choruje na cukrzyc\u0119. Na szcz\u0119\u015bcie nie zas\u0142ab\u0142 w miejscu, w kt\u00f3rym m\u00f3g\u0142by spa\u015b\u0107.<\/p>\n<div id='gallery-1' class='gallery galleryid-11188 gallery-columns-3 gallery-size-thumbnail'><figure class='gallery-item'>\n\t\t\t<div class='gallery-icon landscape'>\n\t\t\t\t<a href='https:\/\/ostrowskatv.pl\/?attachment_id=11187'><img loading=\"lazy\" decoding=\"async\" width=\"150\" height=\"150\" src=\"https:\/\/ostrowskatv.pl\/wp-content\/uploads\/2020\/01\/IMG_20200130_111742-01-150x150.jpeg\" class=\"attachment-thumbnail size-thumbnail\" alt=\"\" \/><\/a>\n\t\t\t<\/div><\/figure><figure class='gallery-item'>\n\t\t\t<div class='gallery-icon landscape'>\n\t\t\t\t<a href='https:\/\/ostrowskatv.pl\/?attachment_id=11186'><img loading=\"lazy\" decoding=\"async\" width=\"150\" height=\"150\" src=\"https:\/\/ostrowskatv.pl\/wp-content\/uploads\/2020\/01\/IMG_20200130_112448-01-150x150.jpeg\" class=\"attachment-thumbnail size-thumbnail\" alt=\"\" \/><\/a>\n\t\t\t<\/div><\/figure><figure class='gallery-item'>\n\t\t\t<div class='gallery-icon landscape'>\n\t\t\t\t<a href='https:\/\/ostrowskatv.pl\/?attachment_id=11185'><img loading=\"lazy\" decoding=\"async\" width=\"150\" height=\"150\" src=\"https:\/\/ostrowskatv.pl\/wp-content\/uploads\/2020\/01\/IMG_20200130_112423-01-150x150.jpeg\" class=\"attachment-thumbnail size-thumbnail\" alt=\"\" \/><\/a>\n\t\t\t<\/div><\/figure><figure class='gallery-item'>\n\t\t\t<div class='gallery-icon landscape'>\n\t\t\t\t<a href='https:\/\/ostrowskatv.pl\/?attachment_id=11184'><img loading=\"lazy\" decoding=\"async\" width=\"150\" height=\"150\" src=\"https:\/\/ostrowskatv.pl\/wp-content\/uploads\/2020\/01\/IMG_20200130_112219-01-150x150.jpeg\" class=\"attachment-thumbnail size-thumbnail\" alt=\"\" \/><\/a>\n\t\t\t<\/div><\/figure><figure class='gallery-item'>\n\t\t\t<div class='gallery-icon landscape'>\n\t\t\t\t<a href='https:\/\/ostrowskatv.pl\/?attachment_id=11183'><img loading=\"lazy\" decoding=\"async\" width=\"150\" height=\"150\" src=\"https:\/\/ostrowskatv.pl\/wp-content\/uploads\/2020\/01\/IMG_20200130_111840-01-150x150.jpeg\" class=\"attachment-thumbnail size-thumbnail\" alt=\"\" \/><\/a>\n\t\t\t<\/div><\/figure>\n\t\t<\/div>\n\n","protected":false},"excerpt":{"rendered":"O godzinie 11.00 ostrowscy stra\u017cacy zostali wezwani do udzielenia pomocy za\u0142odze karetki pogotowia. Okaza\u0142o si\u0119, \u017ce zas\u0142ab\u0142 jeden z pracownik\u00f3w firmy modernizuj\u0105cej elewacj\u0119 \n<a class=\"moretag\" href=\"https:\/\/ostrowskatv.pl\/?p=11188\"> [...]<\/a>","protected":false},"author":1,"featured_media":11185,"comment_status":"open","ping_status":"closed","sticky":false,"template":"","format":"standard","meta":{"footnotes":""},"categories":[1],"tags":[2],"class_list":["post-11188","post","type-post","status-publish","format-standard","has-post-thumbnail","hentry","category-news","tag-ostrow-wielkopolski"],"_links":{"self":[{"href":"https:\/\/ostrowskatv.pl\/index.php?rest_route=\/wp\/v2\/posts\/11188","targetHints":{"allow":["GET"]}}],"collection":[{"href":"https:\/\/ostrowskatv.pl\/index.php?rest_route=\/wp\/v2\/posts"}],"about":[{"href":"https:\/\/ostrowskatv.pl\/index.php?rest_route=\/wp\/v2\/types\/post"}],"author":[{"embeddable":true,"href":"https:\/\/ostrowskatv.pl\/index.php?rest_route=\/wp\/v2\/users\/1"}],"replies":[{"embeddable":true,"href":"https:\/\/ostrowskatv.pl\/index.php?rest_route=%2Fwp%2Fv2%2Fcomments&post=11188"}],"version-history":[{"count":0,"href":"https:\/\/ostrowskatv.pl\/index.php?rest_route=\/wp\/v2\/posts\/11188\/revisions"}],"wp:featuredmedia":[{"embeddable":true,"href":"https:\/\/ostrowskatv.pl\/index.php?rest_route=\/wp\/v2\/media\/11185"}],"wp:attachment":[{"href":"https:\/\/ostrowskatv.pl\/index.php?rest_route=%2Fwp%2Fv2%2Fmedia&parent=11188"}],"wp:term":[{"taxonomy":"category","embeddable":true,"href":"https:\/\/ostrowskatv.pl\/index.php?rest_route=%2Fwp%2Fv2%2Fcategories&post=11188"},{"taxonomy":"post_tag","embeddable":true,"href":"https:\/\/ostrowskatv.pl\/index.php?rest_route=%2Fwp%2Fv2%2Ftags&post=11188"}],"curies":[{"name":"wp","href":"https:\/\/api.w.org\/{rel}","templated":true}]}}