{"id":11176,"date":"2020-01-27T19:56:15","date_gmt":"2020-01-27T18:56:15","guid":{"rendered":"http:\/\/ostrowska.tv\/?p=11176"},"modified":"2020-01-27T19:56:15","modified_gmt":"2020-01-27T18:56:15","slug":"miala-1-3-promila-i-spowodowala-kolizje","status":"publish","type":"post","link":"https:\/\/ostrowskatv.pl\/?p=11176","title":{"rendered":"Mia\u0142a 1.3 promila i spowodowa\u0142a kolizj\u0119"},"content":{"rendered":"<p><strong>Ostrowianka w poniedzia\u0142kowe popo\u0142udnie wykaza\u0142a si\u0119 du\u017c\u0105 nieodpowiedzialno\u015bci\u0105. Maj\u0105c 1.3 promila wyjecha\u0142a z ulicy podporz\u0105dkowanej i zderzy\u0142a si\u0119 z drugim autem.<\/strong><\/p>\n<p>Do zdarzenia dosz\u0142o na skrzy\u017cowaniu ulic Wybickiego i Czerwonych Kosynier\u00f3w. Oko\u0142o 45-letnia sprawczyni jecha\u0142a bia\u0142\u0105 Mazd\u0105. Rozbi\u0142a ca\u0142kowicie prz\u00f3d Nissana, kt\u00f3rym podr\u00f3\u017cowa\u0142o dwoje m\u0142odych ludzi. Na szcz\u0119\u015bcie nikt nie ucierpia\u0142. <\/p>\n<p>Kobieta zap\u0142aci co najmniej 5 tysi\u0119cy z\u0142, pozbawi si\u0119 na kilka lat uprawnie\u0144 do kierowania pojazdami i odpowie przed s\u0105dem za sw\u00f3j czyn. <\/p>\n<div id='gallery-1' class='gallery galleryid-11176 gallery-columns-3 gallery-size-thumbnail'><figure class='gallery-item'>\n\t\t\t<div class='gallery-icon landscape'>\n\t\t\t\t<a href='https:\/\/ostrowskatv.pl\/?attachment_id=11177'><img loading=\"lazy\" decoding=\"async\" width=\"150\" height=\"150\" src=\"https:\/\/ostrowskatv.pl\/wp-content\/uploads\/2020\/01\/IMG_20200127_185901-01-150x150.jpeg\" class=\"attachment-thumbnail size-thumbnail\" alt=\"\" \/><\/a>\n\t\t\t<\/div><\/figure><figure class='gallery-item'>\n\t\t\t<div class='gallery-icon landscape'>\n\t\t\t\t<a href='https:\/\/ostrowskatv.pl\/?attachment_id=11178'><img loading=\"lazy\" decoding=\"async\" width=\"150\" height=\"150\" src=\"https:\/\/ostrowskatv.pl\/wp-content\/uploads\/2020\/01\/IMG_20200127_185451-01-150x150.jpeg\" class=\"attachment-thumbnail size-thumbnail\" alt=\"\" \/><\/a>\n\t\t\t<\/div><\/figure><figure class='gallery-item'>\n\t\t\t<div class='gallery-icon landscape'>\n\t\t\t\t<a href='https:\/\/ostrowskatv.pl\/?attachment_id=11179'><img loading=\"lazy\" decoding=\"async\" width=\"150\" height=\"150\" src=\"https:\/\/ostrowskatv.pl\/wp-content\/uploads\/2020\/01\/IMG_20200127_185236-01-150x150.jpeg\" class=\"attachment-thumbnail size-thumbnail\" alt=\"\" \/><\/a>\n\t\t\t<\/div><\/figure><figure class='gallery-item'>\n\t\t\t<div class='gallery-icon landscape'>\n\t\t\t\t<a href='https:\/\/ostrowskatv.pl\/?attachment_id=11180'><img loading=\"lazy\" decoding=\"async\" width=\"150\" height=\"150\" src=\"https:\/\/ostrowskatv.pl\/wp-content\/uploads\/2020\/01\/IMG_20200127_181652-01-150x150.jpeg\" class=\"attachment-thumbnail size-thumbnail\" alt=\"\" \/><\/a>\n\t\t\t<\/div><\/figure>\n\t\t<\/div>\n\n","protected":false},"excerpt":{"rendered":"Ostrowianka w poniedzia\u0142kowe popo\u0142udnie wykaza\u0142a si\u0119 du\u017c\u0105 nieodpowiedzialno\u015bci\u0105. Maj\u0105c 1.3 promila wyjecha\u0142a z ulicy podporz\u0105dkowanej i zderzy\u0142a si\u0119 z drugim autem. Do zdarzenia \n<a class=\"moretag\" href=\"https:\/\/ostrowskatv.pl\/?p=11176\"> [...]<\/a>","protected":false},"author":1,"featured_media":11180,"comment_status":"open","ping_status":"closed","sticky":false,"template":"","format":"standard","meta":{"footnotes":""},"categories":[1],"tags":[2],"class_list":["post-11176","post","type-post","status-publish","format-standard","has-post-thumbnail","hentry","category-news","tag-ostrow-wielkopolski"],"_links":{"self":[{"href":"https:\/\/ostrowskatv.pl\/index.php?rest_route=\/wp\/v2\/posts\/11176","targetHints":{"allow":["GET"]}}],"collection":[{"href":"https:\/\/ostrowskatv.pl\/index.php?rest_route=\/wp\/v2\/posts"}],"about":[{"href":"https:\/\/ostrowskatv.pl\/index.php?rest_route=\/wp\/v2\/types\/post"}],"author":[{"embeddable":true,"href":"https:\/\/ostrowskatv.pl\/index.php?rest_route=\/wp\/v2\/users\/1"}],"replies":[{"embeddable":true,"href":"https:\/\/ostrowskatv.pl\/index.php?rest_route=%2Fwp%2Fv2%2Fcomments&post=11176"}],"version-history":[{"count":0,"href":"https:\/\/ostrowskatv.pl\/index.php?rest_route=\/wp\/v2\/posts\/11176\/revisions"}],"wp:featuredmedia":[{"embeddable":true,"href":"https:\/\/ostrowskatv.pl\/index.php?rest_route=\/wp\/v2\/media\/11180"}],"wp:attachment":[{"href":"https:\/\/ostrowskatv.pl\/index.php?rest_route=%2Fwp%2Fv2%2Fmedia&parent=11176"}],"wp:term":[{"taxonomy":"category","embeddable":true,"href":"https:\/\/ostrowskatv.pl\/index.php?rest_route=%2Fwp%2Fv2%2Fcategories&post=11176"},{"taxonomy":"post_tag","embeddable":true,"href":"https:\/\/ostrowskatv.pl\/index.php?rest_route=%2Fwp%2Fv2%2Ftags&post=11176"}],"curies":[{"name":"wp","href":"https:\/\/api.w.org\/{rel}","templated":true}]}}