{"id":11170,"date":"2020-01-27T13:37:50","date_gmt":"2020-01-27T12:37:50","guid":{"rendered":"http:\/\/ostrowska.tv\/?p=11170"},"modified":"2020-01-27T13:38:05","modified_gmt":"2020-01-27T12:38:05","slug":"11170","status":"publish","type":"post","link":"https:\/\/ostrowskatv.pl\/?p=11170","title":{"rendered":"Kierowca Fiata wjecha\u0142 w drzewo"},"content":{"rendered":"<p><strong>Do wypadku Fiata Pandy dosz\u0142o w Chwaliszewie (gm. Krotoszyn). M\u0142ody kieruj\u0105cy fiatem pand\u0105 &#8211; mieszkaniec powiatu ostrowskiego &#8211; straci\u0142 panowanie nad pojazdem i uderzy\u0142 w przydro\u017cne drzewo. Na miejsce wezwano \u015bmig\u0142owiec LPR. Poszkodowanego przetransportowano do szpitala.<\/strong><\/p>\n<div id='gallery-1' class='gallery galleryid-11170 gallery-columns-3 gallery-size-thumbnail'><figure class='gallery-item'>\n\t\t\t<div class='gallery-icon landscape'>\n\t\t\t\t<a href='https:\/\/ostrowskatv.pl\/?attachment_id=11171'><img loading=\"lazy\" decoding=\"async\" width=\"150\" height=\"150\" src=\"https:\/\/ostrowskatv.pl\/wp-content\/uploads\/2020\/01\/PSX_20200127_133102-150x150.jpg\" class=\"attachment-thumbnail size-thumbnail\" alt=\"\" \/><\/a>\n\t\t\t<\/div><\/figure><figure class='gallery-item'>\n\t\t\t<div class='gallery-icon landscape'>\n\t\t\t\t<a href='https:\/\/ostrowskatv.pl\/?attachment_id=11172'><img loading=\"lazy\" decoding=\"async\" width=\"150\" height=\"150\" src=\"https:\/\/ostrowskatv.pl\/wp-content\/uploads\/2020\/01\/PSX_20200127_133050-150x150.jpg\" class=\"attachment-thumbnail size-thumbnail\" alt=\"\" \/><\/a>\n\t\t\t<\/div><\/figure><figure class='gallery-item'>\n\t\t\t<div class='gallery-icon landscape'>\n\t\t\t\t<a href='https:\/\/ostrowskatv.pl\/?attachment_id=11173'><img loading=\"lazy\" decoding=\"async\" width=\"150\" height=\"150\" src=\"https:\/\/ostrowskatv.pl\/wp-content\/uploads\/2020\/01\/PSX_20200127_133020-150x150.jpg\" class=\"attachment-thumbnail size-thumbnail\" alt=\"\" \/><\/a>\n\t\t\t<\/div><\/figure>\n\t\t<\/div>\n\n<p>Wi\u0119cej zdj\u0119\u0107 pod adresem<br \/>\n<a href=\"https:\/\/facebook.com\/story.php?story_fbid=2650324068524078&amp;id=1503204353236061\">https:\/\/facebook.com\/story.php?story_fbid=2650324068524078&amp;id=1503204353236061<\/a><\/p>\n","protected":false},"excerpt":{"rendered":"Do wypadku Fiata Pandy dosz\u0142o w Chwaliszewie (gm. Krotoszyn). M\u0142ody kieruj\u0105cy fiatem pand\u0105 &#8211; mieszkaniec powiatu ostrowskiego &#8211; straci\u0142 panowanie nad pojazdem i \n<a class=\"moretag\" href=\"https:\/\/ostrowskatv.pl\/?p=11170\"> [...]<\/a>","protected":false},"author":1,"featured_media":11171,"comment_status":"open","ping_status":"closed","sticky":false,"template":"","format":"standard","meta":{"footnotes":""},"categories":[1],"tags":[11],"class_list":["post-11170","post","type-post","status-publish","format-standard","has-post-thumbnail","hentry","category-news","tag-wypadek"],"_links":{"self":[{"href":"https:\/\/ostrowskatv.pl\/index.php?rest_route=\/wp\/v2\/posts\/11170","targetHints":{"allow":["GET"]}}],"collection":[{"href":"https:\/\/ostrowskatv.pl\/index.php?rest_route=\/wp\/v2\/posts"}],"about":[{"href":"https:\/\/ostrowskatv.pl\/index.php?rest_route=\/wp\/v2\/types\/post"}],"author":[{"embeddable":true,"href":"https:\/\/ostrowskatv.pl\/index.php?rest_route=\/wp\/v2\/users\/1"}],"replies":[{"embeddable":true,"href":"https:\/\/ostrowskatv.pl\/index.php?rest_route=%2Fwp%2Fv2%2Fcomments&post=11170"}],"version-history":[{"count":0,"href":"https:\/\/ostrowskatv.pl\/index.php?rest_route=\/wp\/v2\/posts\/11170\/revisions"}],"wp:featuredmedia":[{"embeddable":true,"href":"https:\/\/ostrowskatv.pl\/index.php?rest_route=\/wp\/v2\/media\/11171"}],"wp:attachment":[{"href":"https:\/\/ostrowskatv.pl\/index.php?rest_route=%2Fwp%2Fv2%2Fmedia&parent=11170"}],"wp:term":[{"taxonomy":"category","embeddable":true,"href":"https:\/\/ostrowskatv.pl\/index.php?rest_route=%2Fwp%2Fv2%2Fcategories&post=11170"},{"taxonomy":"post_tag","embeddable":true,"href":"https:\/\/ostrowskatv.pl\/index.php?rest_route=%2Fwp%2Fv2%2Ftags&post=11170"}],"curies":[{"name":"wp","href":"https:\/\/api.w.org\/{rel}","templated":true}]}}