{"id":11165,"date":"2020-01-27T11:44:31","date_gmt":"2020-01-27T10:44:31","guid":{"rendered":"http:\/\/ostrowska.tv\/?p=11165"},"modified":"2020-01-27T11:44:31","modified_gmt":"2020-01-27T10:44:31","slug":"zderzenie-hondy-i-dostawczego-na-traugutta","status":"publish","type":"post","link":"https:\/\/ostrowskatv.pl\/?p=11165","title":{"rendered":"Zderzenie Hondy i dostawczego na Traugutta"},"content":{"rendered":"<p><strong>Przed po\u0142udniem na skrzy\u017cowaniu ulic Traugutta i Kordeckiego dosz\u0142o do zderzenia dw\u00f3ch aut. Pomimo do\u015b\u0107 sporych uszkodze\u0144 nikt nie ucierpia\u0142.<\/strong><\/p>\n<p>Sprawc\u0105 okaza\u0142 si\u0119 kierowca Hondy Civic, kt\u00f3ry jad\u0105c ulic\u0105 Kordeckiego wjecha\u0142 na czerwonym \u015bwietle. Doprowadzi\u0142 do zderzenia z dostawczym Renault.<\/p>\n<p>Do posprz\u0105tania pozosta\u0142o\u015bci po kolizji zadysponowano dwa zast\u0119py stra\u017cy po\u017carnej.<\/p>\n<div id='gallery-1' class='gallery galleryid-11165 gallery-columns-3 gallery-size-thumbnail'><figure class='gallery-item'>\n\t\t\t<div class='gallery-icon landscape'>\n\t\t\t\t<a href='https:\/\/ostrowskatv.pl\/?attachment_id=11166'><img loading=\"lazy\" decoding=\"async\" width=\"150\" height=\"150\" src=\"https:\/\/ostrowskatv.pl\/wp-content\/uploads\/2020\/01\/IMG_20200127_110414-01-150x150.jpeg\" class=\"attachment-thumbnail size-thumbnail\" alt=\"\" \/><\/a>\n\t\t\t<\/div><\/figure><figure class='gallery-item'>\n\t\t\t<div class='gallery-icon landscape'>\n\t\t\t\t<a href='https:\/\/ostrowskatv.pl\/?attachment_id=11167'><img loading=\"lazy\" decoding=\"async\" width=\"150\" height=\"150\" src=\"https:\/\/ostrowskatv.pl\/wp-content\/uploads\/2020\/01\/IMG_20200127_110407-01-150x150.jpeg\" class=\"attachment-thumbnail size-thumbnail\" alt=\"\" \/><\/a>\n\t\t\t<\/div><\/figure><figure class='gallery-item'>\n\t\t\t<div class='gallery-icon landscape'>\n\t\t\t\t<a href='https:\/\/ostrowskatv.pl\/?attachment_id=11168'><img loading=\"lazy\" decoding=\"async\" width=\"150\" height=\"150\" src=\"https:\/\/ostrowskatv.pl\/wp-content\/uploads\/2020\/01\/IMG_20200127_110403-01-150x150.jpeg\" class=\"attachment-thumbnail size-thumbnail\" alt=\"\" \/><\/a>\n\t\t\t<\/div><\/figure>\n\t\t<\/div>\n\n","protected":false},"excerpt":{"rendered":"Przed po\u0142udniem na skrzy\u017cowaniu ulic Traugutta i Kordeckiego dosz\u0142o do zderzenia dw\u00f3ch aut. Pomimo do\u015b\u0107 sporych uszkodze\u0144 nikt nie ucierpia\u0142. Sprawc\u0105 okaza\u0142 si\u0119 \n<a class=\"moretag\" href=\"https:\/\/ostrowskatv.pl\/?p=11165\"> [...]<\/a>","protected":false},"author":1,"featured_media":11166,"comment_status":"open","ping_status":"closed","sticky":false,"template":"","format":"standard","meta":{"footnotes":""},"categories":[1],"tags":[2],"class_list":["post-11165","post","type-post","status-publish","format-standard","has-post-thumbnail","hentry","category-news","tag-ostrow-wielkopolski"],"_links":{"self":[{"href":"https:\/\/ostrowskatv.pl\/index.php?rest_route=\/wp\/v2\/posts\/11165","targetHints":{"allow":["GET"]}}],"collection":[{"href":"https:\/\/ostrowskatv.pl\/index.php?rest_route=\/wp\/v2\/posts"}],"about":[{"href":"https:\/\/ostrowskatv.pl\/index.php?rest_route=\/wp\/v2\/types\/post"}],"author":[{"embeddable":true,"href":"https:\/\/ostrowskatv.pl\/index.php?rest_route=\/wp\/v2\/users\/1"}],"replies":[{"embeddable":true,"href":"https:\/\/ostrowskatv.pl\/index.php?rest_route=%2Fwp%2Fv2%2Fcomments&post=11165"}],"version-history":[{"count":0,"href":"https:\/\/ostrowskatv.pl\/index.php?rest_route=\/wp\/v2\/posts\/11165\/revisions"}],"wp:featuredmedia":[{"embeddable":true,"href":"https:\/\/ostrowskatv.pl\/index.php?rest_route=\/wp\/v2\/media\/11166"}],"wp:attachment":[{"href":"https:\/\/ostrowskatv.pl\/index.php?rest_route=%2Fwp%2Fv2%2Fmedia&parent=11165"}],"wp:term":[{"taxonomy":"category","embeddable":true,"href":"https:\/\/ostrowskatv.pl\/index.php?rest_route=%2Fwp%2Fv2%2Fcategories&post=11165"},{"taxonomy":"post_tag","embeddable":true,"href":"https:\/\/ostrowskatv.pl\/index.php?rest_route=%2Fwp%2Fv2%2Ftags&post=11165"}],"curies":[{"name":"wp","href":"https:\/\/api.w.org\/{rel}","templated":true}]}}