{"id":11163,"date":"2020-01-24T18:33:45","date_gmt":"2020-01-24T17:33:45","guid":{"rendered":"http:\/\/ostrowska.tv\/?p=11163"},"modified":"2020-01-24T18:33:45","modified_gmt":"2020-01-24T17:33:45","slug":"pijany-kierowca-szedl-na-czolowke-z-czterema-autami","status":"publish","type":"post","link":"https:\/\/ostrowskatv.pl\/?p=11163","title":{"rendered":"Pijany kierowca szed\u0142 na czo\u0142\u00f3wk\u0119 z czterema autami"},"content":{"rendered":"<p><strong>M\u0119\u017cczyzna wracaj\u0105c z fuchy na koniec tygodnia najprawdopodobniej zapomnia\u0142, \u017ce pi\u0107 alkohol mo\u017cna zacz\u0105\u0107 dopiero w domu lub barze. Ostrowianin jecha\u0142 dostawczym Ducato od strony Czekanowa w kierunku Ostrowa. W miejscu gdzie pojawia si\u0119 wysepka, zjecha\u0142 na lewy pas, zmuszaj\u0105c 4 auta do\u00a0 zjechania. Ducato wjecha\u0142o ostatecznie na wysepk\u0119 i uszkodzi\u0142o pionowe oznakowanie drogowe.<\/strong><\/p>\n<p>Bezpo\u015brednio po zdarzeniu, jedna z os\u00f3b otwar\u0142a drzwi od strony kierowcy w aucie sprawcy. Wtedy wydoby\u0142 si\u0119 alkoholowy od\u00f3r. Kierowca postanowi\u0142 uciec. Ale jeden z funkcjonariuszy dogoni\u0142 go na drodze awaryjnej.<\/p>\n<p>Szcz\u0119\u015bliwie nikomu nic si\u0119 nie sta\u0142o, ale jego nierozwa\u017cna jazda b\u0119dzie go sporo kosztowa\u0107. Pocz\u0105wszy od 5 tys. z\u0142, po kilkuletni zakaz prowadzenia pojazd\u00f3w i wyrok w sprawie karnej.<\/p>\n<div id='gallery-1' class='gallery galleryid-11163 gallery-columns-3 gallery-size-thumbnail'><figure class='gallery-item'>\n\t\t\t<div class='gallery-icon landscape'>\n\t\t\t\t<a href='https:\/\/ostrowskatv.pl\/?attachment_id=11160'><img loading=\"lazy\" decoding=\"async\" width=\"150\" height=\"150\" src=\"https:\/\/ostrowskatv.pl\/wp-content\/uploads\/2020\/01\/IMG_20200124_174119-01-01-150x150.jpeg\" class=\"attachment-thumbnail size-thumbnail\" alt=\"\" \/><\/a>\n\t\t\t<\/div><\/figure><figure class='gallery-item'>\n\t\t\t<div class='gallery-icon landscape'>\n\t\t\t\t<a href='https:\/\/ostrowskatv.pl\/?attachment_id=11159'><img loading=\"lazy\" decoding=\"async\" width=\"150\" height=\"150\" src=\"https:\/\/ostrowskatv.pl\/wp-content\/uploads\/2020\/01\/IMG_20200124_174212-01-150x150.jpeg\" class=\"attachment-thumbnail size-thumbnail\" alt=\"\" \/><\/a>\n\t\t\t<\/div><\/figure>\n\t\t<\/div>\n\n","protected":false},"excerpt":{"rendered":"M\u0119\u017cczyzna wracaj\u0105c z fuchy na koniec tygodnia najprawdopodobniej zapomnia\u0142, \u017ce pi\u0107 alkohol mo\u017cna zacz\u0105\u0107 dopiero w domu lub barze. Ostrowianin jecha\u0142 dostawczym Ducato \n<a class=\"moretag\" href=\"https:\/\/ostrowskatv.pl\/?p=11163\"> [...]<\/a>","protected":false},"author":1,"featured_media":11160,"comment_status":"open","ping_status":"closed","sticky":false,"template":"","format":"standard","meta":{"footnotes":""},"categories":[1],"tags":[98],"class_list":["post-11163","post","type-post","status-publish","format-standard","has-post-thumbnail","hentry","category-news","tag-czekanow"],"_links":{"self":[{"href":"https:\/\/ostrowskatv.pl\/index.php?rest_route=\/wp\/v2\/posts\/11163","targetHints":{"allow":["GET"]}}],"collection":[{"href":"https:\/\/ostrowskatv.pl\/index.php?rest_route=\/wp\/v2\/posts"}],"about":[{"href":"https:\/\/ostrowskatv.pl\/index.php?rest_route=\/wp\/v2\/types\/post"}],"author":[{"embeddable":true,"href":"https:\/\/ostrowskatv.pl\/index.php?rest_route=\/wp\/v2\/users\/1"}],"replies":[{"embeddable":true,"href":"https:\/\/ostrowskatv.pl\/index.php?rest_route=%2Fwp%2Fv2%2Fcomments&post=11163"}],"version-history":[{"count":0,"href":"https:\/\/ostrowskatv.pl\/index.php?rest_route=\/wp\/v2\/posts\/11163\/revisions"}],"wp:featuredmedia":[{"embeddable":true,"href":"https:\/\/ostrowskatv.pl\/index.php?rest_route=\/wp\/v2\/media\/11160"}],"wp:attachment":[{"href":"https:\/\/ostrowskatv.pl\/index.php?rest_route=%2Fwp%2Fv2%2Fmedia&parent=11163"}],"wp:term":[{"taxonomy":"category","embeddable":true,"href":"https:\/\/ostrowskatv.pl\/index.php?rest_route=%2Fwp%2Fv2%2Fcategories&post=11163"},{"taxonomy":"post_tag","embeddable":true,"href":"https:\/\/ostrowskatv.pl\/index.php?rest_route=%2Fwp%2Fv2%2Ftags&post=11163"}],"curies":[{"name":"wp","href":"https:\/\/api.w.org\/{rel}","templated":true}]}}