{"id":11161,"date":"2020-01-24T18:24:32","date_gmt":"2020-01-24T17:24:32","guid":{"rendered":"http:\/\/ostrowska.tv\/?p=11161"},"modified":"2020-01-24T18:24:32","modified_gmt":"2020-01-24T17:24:32","slug":"rozbil-bmw-z-400-km-przebiegu-obok-siedziala-matka-ze-srubami-w-kregoslupie","status":"publish","type":"post","link":"https:\/\/ostrowskatv.pl\/?p=11161","title":{"rendered":"Rozbi\u0142 BMW z 400 km przebiegu. Obok siedzia\u0142a matka ze \u015brubami w kr\u0119gos\u0142upie"},"content":{"rendered":"<p><strong>Brakiem wyobra\u017ani wykaza\u0142 si\u0119 jeden z m\u0119\u017cczyzn, kt\u00f3ry doprowadzi\u0142 do zderzenia dw\u00f3ch BMW. Do zdarzenia dosz\u0142o w pobli\u017cu skrzy\u017cowaniu Al. S\u0142owackiego z Limanowskiego na wysoko\u015bci marketu. Kierowca ciemnego BMW skr\u0119ca\u0142 z Alei S\u0142owackiego w Limanowskiego. Zbyt mocno nacisn\u0105\u0142 na peda\u0142 gazu, przez co wpad\u0142 w po\u015blizg. Uderzy\u0142 w drugie BMW stoj\u0105ce dwa pasy dalej i kierowane przez dojrza\u0142ego wiekiem m\u0119\u017cczyzn\u0119.<\/strong><\/p>\n<p>Brak wyobra\u017ani sprawcy jest tym wi\u0119kszy, \u017ce sprawdza\u0142 moc nowego BMW, maj\u0105cego raptem 400 km przebiegu, podczas gdy jego pasa\u017cerk\u0105 by\u0142a matka, kt\u00f3ra mia\u0142a ju\u017c tzw. \u015bruby w kr\u0119gos\u0142upie po innym wypadku. Kobieta po kilkudziesi\u0119ciu minutach gorzej si\u0119 poczu\u0142a i trzeba by\u0142o wezwa\u0107 karetk\u0119 pogotowia.<\/p>\n<p>Czarne BMW nale\u017ca\u0142o do wypo\u017cyczalni.<\/p>\n<div id='gallery-1' class='gallery galleryid-11161 gallery-columns-3 gallery-size-thumbnail'><figure class='gallery-item'>\n\t\t\t<div class='gallery-icon landscape'>\n\t\t\t\t<a href='https:\/\/ostrowskatv.pl\/?attachment_id=11158'><img loading=\"lazy\" decoding=\"async\" width=\"150\" height=\"150\" src=\"https:\/\/ostrowskatv.pl\/wp-content\/uploads\/2020\/01\/IMG_20200124_172402-01-150x150.jpeg\" class=\"attachment-thumbnail size-thumbnail\" alt=\"\" \/><\/a>\n\t\t\t<\/div><\/figure><figure class='gallery-item'>\n\t\t\t<div class='gallery-icon landscape'>\n\t\t\t\t<a href='https:\/\/ostrowskatv.pl\/?attachment_id=11157'><img loading=\"lazy\" decoding=\"async\" width=\"150\" height=\"150\" src=\"https:\/\/ostrowskatv.pl\/wp-content\/uploads\/2020\/01\/IMG_20200124_172711-01-150x150.jpeg\" class=\"attachment-thumbnail size-thumbnail\" alt=\"\" \/><\/a>\n\t\t\t<\/div><\/figure><figure class='gallery-item'>\n\t\t\t<div class='gallery-icon landscape'>\n\t\t\t\t<a href='https:\/\/ostrowskatv.pl\/?attachment_id=11156'><img loading=\"lazy\" decoding=\"async\" width=\"150\" height=\"150\" src=\"https:\/\/ostrowskatv.pl\/wp-content\/uploads\/2020\/01\/IMG_20200124_172725-01-01-150x150.jpeg\" class=\"attachment-thumbnail size-thumbnail\" alt=\"\" \/><\/a>\n\t\t\t<\/div><\/figure>\n\t\t<\/div>\n\n","protected":false},"excerpt":{"rendered":"Brakiem wyobra\u017ani wykaza\u0142 si\u0119 jeden z m\u0119\u017cczyzn, kt\u00f3ry doprowadzi\u0142 do zderzenia dw\u00f3ch BMW. Do zdarzenia dosz\u0142o w pobli\u017cu skrzy\u017cowaniu Al. S\u0142owackiego z Limanowskiego \n<a class=\"moretag\" href=\"https:\/\/ostrowskatv.pl\/?p=11161\"> [...]<\/a>","protected":false},"author":1,"featured_media":11156,"comment_status":"open","ping_status":"closed","sticky":false,"template":"","format":"standard","meta":{"footnotes":""},"categories":[1],"tags":[2],"class_list":["post-11161","post","type-post","status-publish","format-standard","has-post-thumbnail","hentry","category-news","tag-ostrow-wielkopolski"],"_links":{"self":[{"href":"https:\/\/ostrowskatv.pl\/index.php?rest_route=\/wp\/v2\/posts\/11161","targetHints":{"allow":["GET"]}}],"collection":[{"href":"https:\/\/ostrowskatv.pl\/index.php?rest_route=\/wp\/v2\/posts"}],"about":[{"href":"https:\/\/ostrowskatv.pl\/index.php?rest_route=\/wp\/v2\/types\/post"}],"author":[{"embeddable":true,"href":"https:\/\/ostrowskatv.pl\/index.php?rest_route=\/wp\/v2\/users\/1"}],"replies":[{"embeddable":true,"href":"https:\/\/ostrowskatv.pl\/index.php?rest_route=%2Fwp%2Fv2%2Fcomments&post=11161"}],"version-history":[{"count":0,"href":"https:\/\/ostrowskatv.pl\/index.php?rest_route=\/wp\/v2\/posts\/11161\/revisions"}],"wp:featuredmedia":[{"embeddable":true,"href":"https:\/\/ostrowskatv.pl\/index.php?rest_route=\/wp\/v2\/media\/11156"}],"wp:attachment":[{"href":"https:\/\/ostrowskatv.pl\/index.php?rest_route=%2Fwp%2Fv2%2Fmedia&parent=11161"}],"wp:term":[{"taxonomy":"category","embeddable":true,"href":"https:\/\/ostrowskatv.pl\/index.php?rest_route=%2Fwp%2Fv2%2Fcategories&post=11161"},{"taxonomy":"post_tag","embeddable":true,"href":"https:\/\/ostrowskatv.pl\/index.php?rest_route=%2Fwp%2Fv2%2Ftags&post=11161"}],"curies":[{"name":"wp","href":"https:\/\/api.w.org\/{rel}","templated":true}]}}