{"id":11153,"date":"2020-01-23T13:56:32","date_gmt":"2020-01-23T12:56:32","guid":{"rendered":"http:\/\/ostrowska.tv\/?p=11153"},"modified":"2020-01-23T13:56:32","modified_gmt":"2020-01-23T12:56:32","slug":"piotr-kuzma-zwycieza-prokuratura-umorzyla-sledztwo","status":"publish","type":"post","link":"https:\/\/ostrowskatv.pl\/?p=11153","title":{"rendered":"Piotr Ku\u017ama zwyci\u0119\u017ca. Prokuratura umorzy\u0142a \u015bledztwo"},"content":{"rendered":"<p><strong>S\u0142ynny ostrowski karetka Piotr Ku\u017ama zwyci\u0119\u017cy\u0142 wielomiesi\u0119czn\u0105 walk\u0119. Toczy\u0142a si\u0119 ona o honor i prawd\u0119 prezentowan\u0105 przez sportowca. Przeciwnicy zarzucali mu stworzenie fikcyjnej organizacji karate. Prokurator po zbadaniu ca\u0142o\u015bci sprawy, nie stwierdzi\u0142 znamion czynu zabronionego. Przegrani nie sk\u0142adaj\u0105 r\u0119kawic i zamierzaj\u0105 zaskar\u017cy\u0107 decyzj\u0119 prokuratora w s\u0105dzie.<\/strong><\/p>\n<p>Pod koniec marca 2019 roku w lokalnych mediach pojawi\u0142y si\u0119 informacje podwa\u017caj\u0105ce dobre imi\u0119 Piotra Ku\u017amy. On sam, poza dzia\u0142alno\u015bci\u0105 sportow\u0105, pe\u0142ni\u0142 funkcj\u0119 przewodnicz\u0105cego Rady Nadzorczej Centrum Rozwoju Komunalnego (dawniej Holdikom), zosta\u0142 wyr\u00f3\u017cniony przez otoczenie starosty Liderem \u017cycia spo\u0142ecznego, a tak\u017ce zdoby\u0142 tytu\u0142 Ostrowianina Roku.<\/p>\n<p>Ku\u017ama prawie rok temu komentowa\u0142 spraw\u0119 tak:<\/p>\n<p>\u2013 Przygotowuj\u0119 si\u0119 do post\u0119powania s\u0105dowego. Zarzuca mi si\u0119, \u017ce sam robi\u0119 sobie dokumenty, podobno sam je sobie wystawiam, za kt\u00f3re podobno \u017c\u0105dam horrendalnych sum \u017c\u0105dam, po ludzku robi mi si\u0119 przykro, bo rykoszetem dostaje wiele os\u00f3b z boku. Formacja J.K. As jest organizacj\u0105 o nazwie brzmi\u0105cej w pe\u0142nej nazwie Japan Karate Shotokan. Swoj\u0105 siedzib\u0119 teoretycznie ma w Japonii, w Osace, ale my jako oddzia\u0142 w Polsce, zostali\u015bmy przypisani pod Niemcy, gdzie mie\u015bci si\u0119 g\u0142\u00f3wna siedziba na Europ\u0119, a kieruje ni\u0105 <span class=\"_5yl5\">Ahmad Al Hasani <\/span>8 dan. Niemiecka organizacja nawi\u0105za\u0142a ze mn\u0105 kontakt. Pocz\u0105tkowo podchodzi\u0142em do tej wsp\u00f3\u0142pracy sceptycznie. Rozmowy trwa\u0142y 2 tygodnie. Wst\u0119pnie j\u0105 zweryfikowa\u0142em, ale pocz\u0105tkowo by\u0142 z tym problem. Podpisa\u0142em dokumenty i to upewni\u0142o mnie, \u017ce ta organizacja istnieje. Widzia\u0142em w internecie, \u017ce s\u0105 przedstawicielstwa w Irlandii, Pakistanie czy Brazylii i w krajach azjatyckich. Zobaczy\u0142em, \u017ce nie jestem sam. Podj\u0105\u0142em r\u0119kawic\u0119 i spr\u00f3bowa\u0142em.<\/p>\n<p>Przeciwnicy Ku\u017amy zarzucaj\u0105, \u017ce stopnie uzyskane w ramach J. K. As nie s\u0105 respektowane przez inne zwi\u0105zki karate.<\/p>\n<p>\u2013 <em>Stopnie i dyplomy uzyskane w ramach danej organizacji, s\u0105 przez ni\u0105 respektowane. Zdarza si\u0119, \u017ce s\u0105 te\u017c\u00a0 honorowane przez inne zwi\u0105zki. Dziwi mnie, \u017ce osoby, kt\u00f3re zda\u0142y na stopie\u0144 mistrzowski w ramach J.K. As i zrezygnowa\u0142y z uczestnictwa w niej, nadal chodz\u0105 w czarnych pasach. Moje stopnie nie by\u0142y nigdzie weryfikowane, poniewa\u017c nie jestem ju\u017c zawodnikiem. Pe\u0142ni\u0119 funkcj\u0119 trenera. W Polsce zda\u0142em egzamin na 5 dan u autorytetu Giuseppe Beghetto. \u2013 <\/em>m\u00f3wi Piotr Ku\u017ama.<\/p>\n<p>Kolejne w\u0105tpliwo\u015bci zwi\u0105zane s\u0105 z odp\u0142atno\u015bci\u0105 za uzyskanie dyplomu\/licencji w ramach organizacji J. K. As. Adwersarze m\u00f3wi\u0105, \u017ce kwota by\u0142a ustalana dowolnie i kszta\u0142towa\u0142a si\u0119 w wide\u0142kach 700 czy nawet 1100 z\u0142. Bez jej uiszczenia zawodnicy (w tym dzieci) nie mogliby wystartowa\u0107 w zawodach.<\/p>\n<p><em>\u2013 W rzeczywisto\u015bci koszt do\u0142\u0105czenia do organizacji wynosi\u0142 160 dolar\u00f3w i 8 dolar\u00f3w prowizji za przewalutowanie. Ca\u0142a kwota by\u0142a przelewana do J. K. As. Wysoko\u015b\u0107 op\u0142aty by\u0142a uzale\u017cniona od wysoko\u015bci stopnia karate. Ca\u0142e kwoty, a nawet wi\u0119cej przelewa\u0142em na konto organizacji. \u2013<\/em> t\u0142umaczy Piotr Ku\u017ama<\/p>\n<p>W ramach Karate Ku\u017ama Team zdobyto prawie 600 medali w ci\u0105gu ostatnich 4 lat. Zdarza\u0142o si\u0119, \u017ce w danej kategorii by\u0142 tylko jeden czy dw\u00f3ch przeciwnik\u00f3w, co automatycznie zapewnia\u0142o medal.<\/p>\n<p>\u2013<em> Takie sytuacje maj\u0105 miejsce w ca\u0142ej Polsce. S\u0105 kategorie mocno obsadzone, a s\u0105 te\u017c takie, \u017ce medal jest gwarantowany.<\/em> \u2013 wyja\u015bnia Piotr Ku\u017ama.<\/p>\n","protected":false},"excerpt":{"rendered":"S\u0142ynny ostrowski karetka Piotr Ku\u017ama zwyci\u0119\u017cy\u0142 wielomiesi\u0119czn\u0105 walk\u0119. Toczy\u0142a si\u0119 ona o honor i prawd\u0119 prezentowan\u0105 przez sportowca. Przeciwnicy zarzucali mu stworzenie fikcyjnej \n<a class=\"moretag\" href=\"https:\/\/ostrowskatv.pl\/?p=11153\"> [...]<\/a>","protected":false},"author":1,"featured_media":11154,"comment_status":"open","ping_status":"closed","sticky":false,"template":"","format":"standard","meta":{"footnotes":""},"categories":[1],"tags":[2],"class_list":["post-11153","post","type-post","status-publish","format-standard","has-post-thumbnail","hentry","category-news","tag-ostrow-wielkopolski"],"_links":{"self":[{"href":"https:\/\/ostrowskatv.pl\/index.php?rest_route=\/wp\/v2\/posts\/11153","targetHints":{"allow":["GET"]}}],"collection":[{"href":"https:\/\/ostrowskatv.pl\/index.php?rest_route=\/wp\/v2\/posts"}],"about":[{"href":"https:\/\/ostrowskatv.pl\/index.php?rest_route=\/wp\/v2\/types\/post"}],"author":[{"embeddable":true,"href":"https:\/\/ostrowskatv.pl\/index.php?rest_route=\/wp\/v2\/users\/1"}],"replies":[{"embeddable":true,"href":"https:\/\/ostrowskatv.pl\/index.php?rest_route=%2Fwp%2Fv2%2Fcomments&post=11153"}],"version-history":[{"count":0,"href":"https:\/\/ostrowskatv.pl\/index.php?rest_route=\/wp\/v2\/posts\/11153\/revisions"}],"wp:featuredmedia":[{"embeddable":true,"href":"https:\/\/ostrowskatv.pl\/index.php?rest_route=\/wp\/v2\/media\/11154"}],"wp:attachment":[{"href":"https:\/\/ostrowskatv.pl\/index.php?rest_route=%2Fwp%2Fv2%2Fmedia&parent=11153"}],"wp:term":[{"taxonomy":"category","embeddable":true,"href":"https:\/\/ostrowskatv.pl\/index.php?rest_route=%2Fwp%2Fv2%2Fcategories&post=11153"},{"taxonomy":"post_tag","embeddable":true,"href":"https:\/\/ostrowskatv.pl\/index.php?rest_route=%2Fwp%2Fv2%2Ftags&post=11153"}],"curies":[{"name":"wp","href":"https:\/\/api.w.org\/{rel}","templated":true}]}}