{"id":11142,"date":"2020-01-21T19:14:34","date_gmt":"2020-01-21T18:14:34","guid":{"rendered":"http:\/\/ostrowska.tv\/?p=11142"},"modified":"2020-01-21T19:14:59","modified_gmt":"2020-01-21T18:14:59","slug":"zagrodzono-dotychczasowe-przejscie-przy-szamarzewskiego","status":"publish","type":"post","link":"https:\/\/ostrowskatv.pl\/?p=11142","title":{"rendered":"Zagrodzono dotychczasowe przej\u015bcie przy wie\u017cowcach"},"content":{"rendered":"<p><strong>Sporne przej\u015bcie pomi\u0119dzy ulic\u0105 Szamarzewskiego, a ks. Kompa\u0142\u0142y w Ostrowie Wlkp. zosta\u0142o skutecznie zagrodzone przez w\u0142a\u015bciciela terenu. Dwa lata wcze\u015bniej, w wyniku rozm\u00f3w z w\u0142adzami miasta, inwestor wykaza\u0142 gest dobrej woli i umo\u017cliwi\u0142 mieszka\u0144com przej\u015bcie. We wrze\u015bniu otrzyma\u0142 pismo ze Stra\u017cy Miejskiej nakazuj\u0105ce uporz\u0105dkowanie terenu i napraw\u0119 ogrodzenia, tak by nie zagra\u017ca\u0142o mieszka\u0144com.<\/strong><\/p>\n<p>Biznesmen oko\u0142o 2015 roku wykupi\u0142 budynek znajduj\u0105cy si\u0119 przy sklepie spo\u017cywczym przy ul. Kompa\u0142\u0142y. Zamierza postawi\u0107 tam apartamentowiec. Pierwotnie napotka\u0142 op\u00f3r ze strony mieszka\u0144c\u00f3w pobliskiego wie\u017cowca, ale ostatecznie uzyska\u0142 zgod\u0119 na budow\u0119 obiektu. Inwestycja z powodu realizacji innych inwestycji, zosta\u0142a odroczona w czasie. <\/p>\n<p>Na terenie dzia\u0142ki przebiega nieoficjalne przej\u015bcie pomi\u0119dzy osiedlem wie\u017cowc\u00f3w przy ul. Szamarzewskiego, a ulic\u0105 Kompa\u0142\u0142y. Miasto zamierza\u0142o za pomoc\u0105 specustawy przej\u0105\u0107 cz\u0119\u015b\u0107 dzia\u0142ki, ale decyzja zosta\u0142a oprotestowana przez w\u0142a\u015bciciela sklepu. Nast\u0119pnie we wrze\u015bniu ubieg\u0142ego roku Stra\u017c Miejska na polecenie jednego z wydzia\u0142\u00f3w Urz\u0119du Miejskiego, wyst\u0105pi\u0142a z \u017c\u0105daniem uporz\u0105dkowania terenu posesji, a tak\u017ce naprawy ogrodzenia, by nie zagra\u017ca\u0142o mieszka\u0144com. <\/p>\n<p>Poniewa\u017c jest to w dalszym ci\u0105gu, od dw\u00f3ch lat, prywatny teren przedsi\u0119biorcy, ten nie chcia\u0142 bra\u0107 odpowiedzialno\u015bci za ewentualne skutki nieszcz\u0119\u015bliwych wypadk\u00f3w. Dlatego te\u017c postawi\u0142 betonowe ogrodzenie. Od teraz mieszka\u0144cy ul. Szamarzewskiego musz\u0105 przej\u015b\u0107 obok kina Komedy.<\/p>\n<p>Dyrektor Miejskiego Zarz\u0105du Dr\u00f3g zadeklarowa\u0142, \u017ce jeszcze w tym tygodniu zaproponuje rozwi\u0105zanie patowej sytuacji.<\/p>\n<div id='gallery-1' class='gallery galleryid-11142 gallery-columns-3 gallery-size-thumbnail'><figure class='gallery-item'>\n\t\t\t<div class='gallery-icon landscape'>\n\t\t\t\t<a href='https:\/\/ostrowskatv.pl\/?attachment_id=11144'><img loading=\"lazy\" decoding=\"async\" width=\"150\" height=\"150\" src=\"https:\/\/ostrowskatv.pl\/wp-content\/uploads\/2020\/01\/PSX_20200121_160850-150x150.jpg\" class=\"attachment-thumbnail size-thumbnail\" alt=\"\" \/><\/a>\n\t\t\t<\/div><\/figure><figure class='gallery-item'>\n\t\t\t<div class='gallery-icon landscape'>\n\t\t\t\t<a href='https:\/\/ostrowskatv.pl\/?attachment_id=11143'><img loading=\"lazy\" decoding=\"async\" width=\"150\" height=\"150\" src=\"https:\/\/ostrowskatv.pl\/wp-content\/uploads\/2020\/01\/PSX_20200121_160807-150x150.jpg\" class=\"attachment-thumbnail size-thumbnail\" alt=\"\" \/><\/a>\n\t\t\t<\/div><\/figure>\n\t\t<\/div>\n\n","protected":false},"excerpt":{"rendered":"Sporne przej\u015bcie pomi\u0119dzy ulic\u0105 Szamarzewskiego, a ks. Kompa\u0142\u0142y w Ostrowie Wlkp. zosta\u0142o skutecznie zagrodzone przez w\u0142a\u015bciciela terenu. Dwa lata wcze\u015bniej, w wyniku rozm\u00f3w \n<a class=\"moretag\" href=\"https:\/\/ostrowskatv.pl\/?p=11142\"> [...]<\/a>","protected":false},"author":1,"featured_media":11144,"comment_status":"open","ping_status":"closed","sticky":false,"template":"","format":"standard","meta":{"footnotes":""},"categories":[1],"tags":[2],"class_list":["post-11142","post","type-post","status-publish","format-standard","has-post-thumbnail","hentry","category-news","tag-ostrow-wielkopolski"],"_links":{"self":[{"href":"https:\/\/ostrowskatv.pl\/index.php?rest_route=\/wp\/v2\/posts\/11142","targetHints":{"allow":["GET"]}}],"collection":[{"href":"https:\/\/ostrowskatv.pl\/index.php?rest_route=\/wp\/v2\/posts"}],"about":[{"href":"https:\/\/ostrowskatv.pl\/index.php?rest_route=\/wp\/v2\/types\/post"}],"author":[{"embeddable":true,"href":"https:\/\/ostrowskatv.pl\/index.php?rest_route=\/wp\/v2\/users\/1"}],"replies":[{"embeddable":true,"href":"https:\/\/ostrowskatv.pl\/index.php?rest_route=%2Fwp%2Fv2%2Fcomments&post=11142"}],"version-history":[{"count":0,"href":"https:\/\/ostrowskatv.pl\/index.php?rest_route=\/wp\/v2\/posts\/11142\/revisions"}],"wp:featuredmedia":[{"embeddable":true,"href":"https:\/\/ostrowskatv.pl\/index.php?rest_route=\/wp\/v2\/media\/11144"}],"wp:attachment":[{"href":"https:\/\/ostrowskatv.pl\/index.php?rest_route=%2Fwp%2Fv2%2Fmedia&parent=11142"}],"wp:term":[{"taxonomy":"category","embeddable":true,"href":"https:\/\/ostrowskatv.pl\/index.php?rest_route=%2Fwp%2Fv2%2Fcategories&post=11142"},{"taxonomy":"post_tag","embeddable":true,"href":"https:\/\/ostrowskatv.pl\/index.php?rest_route=%2Fwp%2Fv2%2Ftags&post=11142"}],"curies":[{"name":"wp","href":"https:\/\/api.w.org\/{rel}","templated":true}]}}