{"id":11134,"date":"2020-01-21T11:13:09","date_gmt":"2020-01-21T10:13:09","guid":{"rendered":"http:\/\/ostrowska.tv\/?p=11134"},"modified":"2020-01-21T11:13:09","modified_gmt":"2020-01-21T10:13:09","slug":"zderzenie-3-aut-na-grabowskiej-jedno-wpadlo-z-podejrzanym-stanem-licznika","status":"publish","type":"post","link":"https:\/\/ostrowskatv.pl\/?p=11134","title":{"rendered":"Zderzenie 3 aut na Grabowskiej. Jedno wpad\u0142o z podejrzanym stanem licznika"},"content":{"rendered":"<p><strong>Trzy samochody zderzy\u0142y si\u0119 na skrzy\u017cowaniu ulic Grabowska i Pru\u015bli\u0144ska w Ostrowie Wielkopolskim. Od strony centrum jecha\u0142a czerwona Toyota Yaris. Z przeciwka w ulic\u0119 Pru\u015bli\u0144sk\u0105 skr\u0119ca\u0142a m\u0142oda kobieta z Volkswagena. Ta niestety \u017ale obliczy\u0142a pr\u0119dko\u015b\u0107 zbli\u017caj\u0105cego si\u0119 auta i spowodowa\u0142a kolizj\u0119. Rykoszetem oberwa\u0142a Mazda, kt\u00f3rej kierowca chcia\u0142 wyjecha\u0107 w\u0142a\u015bnie z ulicy Pru\u015bli\u0144skiej.<\/strong><\/p>\n<p>Policjanci podczas obowi\u0105zkowego sprawdzania stan\u00f3w licznika, stwierdzili, \u017ce Volkswagen mia\u0142 zani\u017cony o 200 kilometr\u00f3w przebieg. Dwa tygodnie wcze\u015bniej jego kierowca by\u0142 kontrolowany przez inny patrol policji i to najprawdopodobniej jeden z funkcjonariuszy \u017ale wpisa\u0142 do systemu przebieg pojazdu. Jak wida\u0107 po dw\u00f3ch tygodniach r\u00f3\u017cnica wynosi\u0142a 200 kilometr\u00f3w, o co trudno podejrzewa\u0107 w\u0142a\u015bciciela by korygowa\u0142 stan licznika o tak subteln\u0105 liczb\u0119 kilometr\u00f3w. <\/p>\n<p>Pomimo jasnych podejrze\u0144 co do b\u0142\u0119d\u00f3w w spisywaniu stanu licznika, auto zosta\u0142o odholowane, a kierowca musia\u0142 uda\u0107 si\u0119 na komend\u0119 policji, \u017ceby z\u0142o\u017cy\u0107 zeznania.<\/p>\n<div id='gallery-1' class='gallery galleryid-11134 gallery-columns-3 gallery-size-thumbnail'><figure class='gallery-item'>\n\t\t\t<div class='gallery-icon landscape'>\n\t\t\t\t<a href='https:\/\/ostrowskatv.pl\/?attachment_id=11140'><img loading=\"lazy\" decoding=\"async\" width=\"150\" height=\"150\" src=\"https:\/\/ostrowskatv.pl\/wp-content\/uploads\/2020\/01\/IMG_20200121_082914-01-150x150.jpeg\" class=\"attachment-thumbnail size-thumbnail\" alt=\"\" \/><\/a>\n\t\t\t<\/div><\/figure><figure class='gallery-item'>\n\t\t\t<div class='gallery-icon landscape'>\n\t\t\t\t<a href='https:\/\/ostrowskatv.pl\/?attachment_id=11139'><img loading=\"lazy\" decoding=\"async\" width=\"150\" height=\"150\" src=\"https:\/\/ostrowskatv.pl\/wp-content\/uploads\/2020\/01\/IMG_20200121_083454-01-150x150.jpeg\" class=\"attachment-thumbnail size-thumbnail\" alt=\"\" \/><\/a>\n\t\t\t<\/div><\/figure><figure class='gallery-item'>\n\t\t\t<div class='gallery-icon landscape'>\n\t\t\t\t<a href='https:\/\/ostrowskatv.pl\/?attachment_id=11138'><img loading=\"lazy\" decoding=\"async\" width=\"150\" height=\"150\" src=\"https:\/\/ostrowskatv.pl\/wp-content\/uploads\/2020\/01\/IMG_20200121_083945-01-150x150.jpeg\" class=\"attachment-thumbnail size-thumbnail\" alt=\"\" \/><\/a>\n\t\t\t<\/div><\/figure><figure class='gallery-item'>\n\t\t\t<div class='gallery-icon landscape'>\n\t\t\t\t<a href='https:\/\/ostrowskatv.pl\/?attachment_id=11137'><img loading=\"lazy\" decoding=\"async\" width=\"150\" height=\"150\" src=\"https:\/\/ostrowskatv.pl\/wp-content\/uploads\/2020\/01\/IMG_20200121_084041-01-150x150.jpeg\" class=\"attachment-thumbnail size-thumbnail\" alt=\"\" \/><\/a>\n\t\t\t<\/div><\/figure>\n\t\t<\/div>\n\n","protected":false},"excerpt":{"rendered":"Trzy samochody zderzy\u0142y si\u0119 na skrzy\u017cowaniu ulic Grabowska i Pru\u015bli\u0144ska w Ostrowie Wielkopolskim. Od strony centrum jecha\u0142a czerwona Toyota Yaris. Z przeciwka w \n<a class=\"moretag\" href=\"https:\/\/ostrowskatv.pl\/?p=11134\"> [...]<\/a>","protected":false},"author":1,"featured_media":11137,"comment_status":"open","ping_status":"closed","sticky":false,"template":"","format":"standard","meta":{"footnotes":""},"categories":[1],"tags":[2],"class_list":["post-11134","post","type-post","status-publish","format-standard","has-post-thumbnail","hentry","category-news","tag-ostrow-wielkopolski"],"_links":{"self":[{"href":"https:\/\/ostrowskatv.pl\/index.php?rest_route=\/wp\/v2\/posts\/11134","targetHints":{"allow":["GET"]}}],"collection":[{"href":"https:\/\/ostrowskatv.pl\/index.php?rest_route=\/wp\/v2\/posts"}],"about":[{"href":"https:\/\/ostrowskatv.pl\/index.php?rest_route=\/wp\/v2\/types\/post"}],"author":[{"embeddable":true,"href":"https:\/\/ostrowskatv.pl\/index.php?rest_route=\/wp\/v2\/users\/1"}],"replies":[{"embeddable":true,"href":"https:\/\/ostrowskatv.pl\/index.php?rest_route=%2Fwp%2Fv2%2Fcomments&post=11134"}],"version-history":[{"count":0,"href":"https:\/\/ostrowskatv.pl\/index.php?rest_route=\/wp\/v2\/posts\/11134\/revisions"}],"wp:featuredmedia":[{"embeddable":true,"href":"https:\/\/ostrowskatv.pl\/index.php?rest_route=\/wp\/v2\/media\/11137"}],"wp:attachment":[{"href":"https:\/\/ostrowskatv.pl\/index.php?rest_route=%2Fwp%2Fv2%2Fmedia&parent=11134"}],"wp:term":[{"taxonomy":"category","embeddable":true,"href":"https:\/\/ostrowskatv.pl\/index.php?rest_route=%2Fwp%2Fv2%2Fcategories&post=11134"},{"taxonomy":"post_tag","embeddable":true,"href":"https:\/\/ostrowskatv.pl\/index.php?rest_route=%2Fwp%2Fv2%2Ftags&post=11134"}],"curies":[{"name":"wp","href":"https:\/\/api.w.org\/{rel}","templated":true}]}}