{"id":11132,"date":"2020-01-20T17:45:59","date_gmt":"2020-01-20T16:45:59","guid":{"rendered":"http:\/\/ostrowska.tv\/?p=11132"},"modified":"2020-01-20T17:45:59","modified_gmt":"2020-01-20T16:45:59","slug":"wojt-zona-bila-mnie-pretem","status":"publish","type":"post","link":"https:\/\/ostrowskatv.pl\/?p=11132","title":{"rendered":"W\u00f3jt: \u017cona bi\u0142a mnie pr\u0119tem"},"content":{"rendered":"<p><strong>Do odczytania wstrz\u0105saj\u0105cych zezna\u0144 dosz\u0142o dzisiaj przed kaliskim S\u0105dem, gdzie rozpocz\u0105\u0142 si\u0119 proces przeciwko w\u00f3jtowi z powiatu kaliskiego. Oskar\u017cony przekonywa\u0142, \u017ce to on by\u0142 ofiar\u0105.<\/strong><\/p>\n<p>Prokurator zarzuci\u0142 w\u00f3jtowi zn\u0119canie si\u0119 nad \u017con\u0105 i synem, gro\u017cenie \u017conie, a tak\u017ce zniewa\u017cenie stra\u017cak\u00f3w. Oskar\u017cony przyzna\u0142 si\u0119 tylko do zniewa\u017cenia funkcjonariuszy publicznych.<\/p>\n<p>Z tre\u015bci zezna\u0144 z\u0142o\u017conych na policji dowiedzieli\u015bmy si\u0119, \u017ce to nie w\u00f3jt zn\u0119ca si\u0119 nad bliski, ale to \u017cona oskar\u017conego zn\u0119ca\u0142a si\u0119 nad nim. Pewnego dnia mia\u0142a go bi\u0107 metalowym pr\u0119tem i to przez godzin\u0119. Po g\u0142owie, r\u0119kach i tu\u0142owi. M\u0119\u017cczyzna pojecha\u0142 nawet do szpitala.<\/p>\n<p>Innym razem wyla\u0142a na niego wrz\u0105tek, ale tym razem nie odni\u00f3s\u0142 obra\u017ce\u0144, bo mia\u0142 nieprzemakalne ubranie. Kolejnego dnia pr\u00f3bowa\u0142a rzuci\u0107 w niego zamkni\u0119tym s\u0142oikiem z jedzeniem. Poniewa\u017c nie ucelowa\u0142a, uszkodzony zosta\u0142 telewizor. <\/p>\n<p>A\u017c w ko\u0144cu feralnej nocy samoch\u00f3d prowadzony przez obcego m\u0119\u017cczyzn\u0119 wjecha\u0142 na teren posesji w\u00f3jta i uszkodzi\u0142 szereg ro\u015blin. Na miejsce wezwano policj\u0119. Po kilku godzinach dojechali stra\u017cacy, kt\u00f3rych wezwa\u0142 sam w\u00f3jt. Jak twierdzi wezwa\u0142 ich poniewa\u017c mieli zabezpieczy\u0107 teren kolizji. Stra\u017cacy jednak w otrzymanym wezwaniu mieli informacj\u0119 o uwi\u0119zionej w aucie osobie po wypadku. W\u00f3jt ubli\u017ca\u0142 stra\u017cakom u\u017cywaj\u0105c wulgarnych s\u0142\u00f3w. <\/p>\n<p>W\u00f3jt ostatecznie przeprosi\u0142 stra\u017cak\u00f3w listownie i osobi\u015bcie, a ci dzisiaj przed s\u0105dem zeznali, \u017ce nie czuj\u0105 ju\u017c \u017calu do agresora.<\/p>\n<div id='gallery-1' class='gallery galleryid-11132 gallery-columns-3 gallery-size-thumbnail'><figure class='gallery-item'>\n\t\t\t<div class='gallery-icon landscape'>\n\t\t\t\t<a href='https:\/\/ostrowskatv.pl\/?attachment_id=11131'><img loading=\"lazy\" decoding=\"async\" width=\"150\" height=\"150\" src=\"https:\/\/ostrowskatv.pl\/wp-content\/uploads\/2020\/01\/IMG_20200120_093122b-01-150x150.jpeg\" class=\"attachment-thumbnail size-thumbnail\" alt=\"\" \/><\/a>\n\t\t\t<\/div><\/figure><figure class='gallery-item'>\n\t\t\t<div class='gallery-icon landscape'>\n\t\t\t\t<a href='https:\/\/ostrowskatv.pl\/?attachment_id=11130'><img loading=\"lazy\" decoding=\"async\" width=\"150\" height=\"150\" src=\"https:\/\/ostrowskatv.pl\/wp-content\/uploads\/2020\/01\/IMG_20200120_092628-01-150x150.jpeg\" class=\"attachment-thumbnail size-thumbnail\" alt=\"\" \/><\/a>\n\t\t\t<\/div><\/figure>\n\t\t<\/div>\n\n","protected":false},"excerpt":{"rendered":"Do odczytania wstrz\u0105saj\u0105cych zezna\u0144 dosz\u0142o dzisiaj przed kaliskim S\u0105dem, gdzie rozpocz\u0105\u0142 si\u0119 proces przeciwko w\u00f3jtowi z powiatu kaliskiego. Oskar\u017cony przekonywa\u0142, \u017ce to on \n<a class=\"moretag\" href=\"https:\/\/ostrowskatv.pl\/?p=11132\"> [...]<\/a>","protected":false},"author":1,"featured_media":11131,"comment_status":"open","ping_status":"closed","sticky":false,"template":"","format":"standard","meta":{"footnotes":""},"categories":[1],"tags":[191],"class_list":["post-11132","post","type-post","status-publish","format-standard","has-post-thumbnail","hentry","category-news","tag-wojt"],"_links":{"self":[{"href":"https:\/\/ostrowskatv.pl\/index.php?rest_route=\/wp\/v2\/posts\/11132","targetHints":{"allow":["GET"]}}],"collection":[{"href":"https:\/\/ostrowskatv.pl\/index.php?rest_route=\/wp\/v2\/posts"}],"about":[{"href":"https:\/\/ostrowskatv.pl\/index.php?rest_route=\/wp\/v2\/types\/post"}],"author":[{"embeddable":true,"href":"https:\/\/ostrowskatv.pl\/index.php?rest_route=\/wp\/v2\/users\/1"}],"replies":[{"embeddable":true,"href":"https:\/\/ostrowskatv.pl\/index.php?rest_route=%2Fwp%2Fv2%2Fcomments&post=11132"}],"version-history":[{"count":0,"href":"https:\/\/ostrowskatv.pl\/index.php?rest_route=\/wp\/v2\/posts\/11132\/revisions"}],"wp:featuredmedia":[{"embeddable":true,"href":"https:\/\/ostrowskatv.pl\/index.php?rest_route=\/wp\/v2\/media\/11131"}],"wp:attachment":[{"href":"https:\/\/ostrowskatv.pl\/index.php?rest_route=%2Fwp%2Fv2%2Fmedia&parent=11132"}],"wp:term":[{"taxonomy":"category","embeddable":true,"href":"https:\/\/ostrowskatv.pl\/index.php?rest_route=%2Fwp%2Fv2%2Fcategories&post=11132"},{"taxonomy":"post_tag","embeddable":true,"href":"https:\/\/ostrowskatv.pl\/index.php?rest_route=%2Fwp%2Fv2%2Ftags&post=11132"}],"curies":[{"name":"wp","href":"https:\/\/api.w.org\/{rel}","templated":true}]}}