{"id":11128,"date":"2020-01-20T16:52:40","date_gmt":"2020-01-20T15:52:40","guid":{"rendered":"http:\/\/ostrowska.tv\/?p=11128"},"modified":"2020-01-20T16:52:40","modified_gmt":"2020-01-20T15:52:40","slug":"zderzenie-opla-i-mercedesa-na-al-slowackiego","status":"publish","type":"post","link":"https:\/\/ostrowskatv.pl\/?p=11128","title":{"rendered":"Zderzenie Opla i Mercedesa na Al. S\u0142owackiego"},"content":{"rendered":"<p><strong>W poniedzia\u0142kowy poranek dosz\u0142o do zderzenia na skrzy\u017cowaniu ulic Kr. Jadwigi i Al. S\u0142owackiego. Jak ustalili mi\u0119dzy sob\u0105 kierowcy Opel jad\u0105c Alej\u0105 wjecha\u0142 na czerwonym \u015bwietle i zderzy\u0142 si\u0119 Mercedesem wyje\u017cd\u017caj\u0105cym z ul. Kr. Jadwigi.<\/strong><\/p>\n<p>Kierowcy spisali o\u015bwiadczenie i postanowili nie wzywa\u0107 policji. W zdarzeniu na szcz\u0119\u015bcie nikt nie ucierpia\u0142.<\/p>\n<div id='gallery-1' class='gallery galleryid-11128 gallery-columns-3 gallery-size-thumbnail'><figure class='gallery-item'>\n\t\t\t<div class='gallery-icon landscape'>\n\t\t\t\t<a href='https:\/\/ostrowskatv.pl\/?attachment_id=11126'><img loading=\"lazy\" decoding=\"async\" width=\"150\" height=\"150\" src=\"https:\/\/ostrowskatv.pl\/wp-content\/uploads\/2020\/01\/IMG_20200120_075259-01-150x150.jpeg\" class=\"attachment-thumbnail size-thumbnail\" alt=\"\" \/><\/a>\n\t\t\t<\/div><\/figure><figure class='gallery-item'>\n\t\t\t<div class='gallery-icon landscape'>\n\t\t\t\t<a href='https:\/\/ostrowskatv.pl\/?attachment_id=11125'><img loading=\"lazy\" decoding=\"async\" width=\"150\" height=\"150\" src=\"https:\/\/ostrowskatv.pl\/wp-content\/uploads\/2020\/01\/IMG_20200120_075259-02-150x150.jpeg\" class=\"attachment-thumbnail size-thumbnail\" alt=\"\" \/><\/a>\n\t\t\t<\/div><\/figure><figure class='gallery-item'>\n\t\t\t<div class='gallery-icon landscape'>\n\t\t\t\t<a href='https:\/\/ostrowskatv.pl\/?attachment_id=11127'><img loading=\"lazy\" decoding=\"async\" width=\"150\" height=\"150\" src=\"https:\/\/ostrowskatv.pl\/wp-content\/uploads\/2020\/01\/IMG_20200120_075332-01-150x150.jpeg\" class=\"attachment-thumbnail size-thumbnail\" alt=\"\" \/><\/a>\n\t\t\t<\/div><\/figure>\n\t\t<\/div>\n\n","protected":false},"excerpt":{"rendered":"W poniedzia\u0142kowy poranek dosz\u0142o do zderzenia na skrzy\u017cowaniu ulic Kr. Jadwigi i Al. S\u0142owackiego. Jak ustalili mi\u0119dzy sob\u0105 kierowcy Opel jad\u0105c Alej\u0105 wjecha\u0142 \n<a class=\"moretag\" href=\"https:\/\/ostrowskatv.pl\/?p=11128\"> [...]<\/a>","protected":false},"author":1,"featured_media":11125,"comment_status":"open","ping_status":"closed","sticky":false,"template":"","format":"standard","meta":{"footnotes":""},"categories":[1],"tags":[2],"class_list":["post-11128","post","type-post","status-publish","format-standard","has-post-thumbnail","hentry","category-news","tag-ostrow-wielkopolski"],"_links":{"self":[{"href":"https:\/\/ostrowskatv.pl\/index.php?rest_route=\/wp\/v2\/posts\/11128","targetHints":{"allow":["GET"]}}],"collection":[{"href":"https:\/\/ostrowskatv.pl\/index.php?rest_route=\/wp\/v2\/posts"}],"about":[{"href":"https:\/\/ostrowskatv.pl\/index.php?rest_route=\/wp\/v2\/types\/post"}],"author":[{"embeddable":true,"href":"https:\/\/ostrowskatv.pl\/index.php?rest_route=\/wp\/v2\/users\/1"}],"replies":[{"embeddable":true,"href":"https:\/\/ostrowskatv.pl\/index.php?rest_route=%2Fwp%2Fv2%2Fcomments&post=11128"}],"version-history":[{"count":0,"href":"https:\/\/ostrowskatv.pl\/index.php?rest_route=\/wp\/v2\/posts\/11128\/revisions"}],"wp:featuredmedia":[{"embeddable":true,"href":"https:\/\/ostrowskatv.pl\/index.php?rest_route=\/wp\/v2\/media\/11125"}],"wp:attachment":[{"href":"https:\/\/ostrowskatv.pl\/index.php?rest_route=%2Fwp%2Fv2%2Fmedia&parent=11128"}],"wp:term":[{"taxonomy":"category","embeddable":true,"href":"https:\/\/ostrowskatv.pl\/index.php?rest_route=%2Fwp%2Fv2%2Fcategories&post=11128"},{"taxonomy":"post_tag","embeddable":true,"href":"https:\/\/ostrowskatv.pl\/index.php?rest_route=%2Fwp%2Fv2%2Ftags&post=11128"}],"curies":[{"name":"wp","href":"https:\/\/api.w.org\/{rel}","templated":true}]}}