{"id":11119,"date":"2020-01-17T13:50:16","date_gmt":"2020-01-17T12:50:16","guid":{"rendered":"http:\/\/ostrowska.tv\/?p=11119"},"modified":"2020-01-17T13:50:16","modified_gmt":"2020-01-17T12:50:16","slug":"seria-wypadkow-spowodowana-mgla-i-sliskoscia","status":"publish","type":"post","link":"https:\/\/ostrowskatv.pl\/?p=11119","title":{"rendered":"Seria wypadk\u00f3w spowodowana mg\u0142\u0105 i \u015blisko\u015bci\u0105"},"content":{"rendered":"<p><strong>W czwartek wieczorem w regionie pojawi\u0142a si\u0119 mg\u0142a, a na drogach zrobi\u0142o si\u0119 \u015blisko. Spowodowa\u0142o to seri\u0119 niebezpiecznych zdarze\u0144.<\/strong><\/p>\n<p>Najpierw kierowca samochodu ci\u0119\u017carowego na drodze krajowej nr 11, pomi\u0119dzy Szczurami, a G\u00f3rznrm zjecha\u0142 na pobocze i zatrzyma\u0142 si\u0119 w przydro\u017cnym rowie. Konieczna by\u0142a interwencja specjalistycznej pomocy drogowej. Na szcz\u0119\u015bcie nikomu nic si\u0119 nie sta\u0142o.<\/p>\n<p>Nad ranem dosz\u0142o do kilku dachowa\u0144. Na trasie Ostr\u00f3w &#8211; Odolan\u00f3w samoch\u00f3d wypad\u0142 z drogi i zatrzyma\u0142 si\u0119 na boku.<\/p>\n<p>Na trasie Odolan\u00f3w &#8211; Sulmierzyce kolejny samoch\u00f3d dachowa\u0142. Jedna osoba zosta\u0142a poszkodowana.<\/p>\n<p>Chwil\u0119 p\u00f3\u017aniej 21-letnia kobieta z malutkim dzieckiem straci\u0142a panowanie nad autem i dachowa\u0142a.<\/p>\n<div id='gallery-1' class='gallery galleryid-11119 gallery-columns-3 gallery-size-thumbnail'><figure class='gallery-item'>\n\t\t\t<div class='gallery-icon landscape'>\n\t\t\t\t<a href='https:\/\/ostrowskatv.pl\/?attachment_id=11118'><img loading=\"lazy\" decoding=\"async\" width=\"150\" height=\"150\" src=\"https:\/\/ostrowskatv.pl\/wp-content\/uploads\/2020\/01\/szczu04-150x150.jpeg\" class=\"attachment-thumbnail size-thumbnail\" alt=\"\" \/><\/a>\n\t\t\t<\/div><\/figure><figure class='gallery-item'>\n\t\t\t<div class='gallery-icon landscape'>\n\t\t\t\t<a href='https:\/\/ostrowskatv.pl\/?attachment_id=11117'><img loading=\"lazy\" decoding=\"async\" width=\"150\" height=\"150\" src=\"https:\/\/ostrowskatv.pl\/wp-content\/uploads\/2020\/01\/szczu03-150x150.jpeg\" class=\"attachment-thumbnail size-thumbnail\" alt=\"\" \/><\/a>\n\t\t\t<\/div><\/figure><figure class='gallery-item'>\n\t\t\t<div class='gallery-icon landscape'>\n\t\t\t\t<a href='https:\/\/ostrowskatv.pl\/?attachment_id=11116'><img loading=\"lazy\" decoding=\"async\" width=\"150\" height=\"150\" src=\"https:\/\/ostrowskatv.pl\/wp-content\/uploads\/2020\/01\/szczu02-150x150.jpeg\" class=\"attachment-thumbnail size-thumbnail\" alt=\"\" \/><\/a>\n\t\t\t<\/div><\/figure><figure class='gallery-item'>\n\t\t\t<div class='gallery-icon landscape'>\n\t\t\t\t<a href='https:\/\/ostrowskatv.pl\/?attachment_id=11115'><img loading=\"lazy\" decoding=\"async\" width=\"150\" height=\"150\" src=\"https:\/\/ostrowskatv.pl\/wp-content\/uploads\/2020\/01\/szczu01-150x150.jpeg\" class=\"attachment-thumbnail size-thumbnail\" alt=\"\" \/><\/a>\n\t\t\t<\/div><\/figure><figure class='gallery-item'>\n\t\t\t<div class='gallery-icon landscape'>\n\t\t\t\t<a href='https:\/\/ostrowskatv.pl\/?attachment_id=11114'><img loading=\"lazy\" decoding=\"async\" width=\"150\" height=\"150\" src=\"https:\/\/ostrowskatv.pl\/wp-content\/uploads\/2020\/01\/odol02-150x150.jpeg\" class=\"attachment-thumbnail size-thumbnail\" alt=\"\" \/><\/a>\n\t\t\t<\/div><\/figure><figure class='gallery-item'>\n\t\t\t<div class='gallery-icon landscape'>\n\t\t\t\t<a href='https:\/\/ostrowskatv.pl\/?attachment_id=11113'><img loading=\"lazy\" decoding=\"async\" width=\"150\" height=\"150\" src=\"https:\/\/ostrowskatv.pl\/wp-content\/uploads\/2020\/01\/odosulm01-150x150.jpeg\" class=\"attachment-thumbnail size-thumbnail\" alt=\"\" \/><\/a>\n\t\t\t<\/div><\/figure><figure class='gallery-item'>\n\t\t\t<div class='gallery-icon landscape'>\n\t\t\t\t<a href='https:\/\/ostrowskatv.pl\/?attachment_id=11112'><img loading=\"lazy\" decoding=\"async\" width=\"150\" height=\"150\" src=\"https:\/\/ostrowskatv.pl\/wp-content\/uploads\/2020\/01\/racz01-150x150.jpeg\" class=\"attachment-thumbnail size-thumbnail\" alt=\"\" \/><\/a>\n\t\t\t<\/div><\/figure>\n\t\t<\/div>\n\n","protected":false},"excerpt":{"rendered":"W czwartek wieczorem w regionie pojawi\u0142a si\u0119 mg\u0142a, a na drogach zrobi\u0142o si\u0119 \u015blisko. Spowodowa\u0142o to seri\u0119 niebezpiecznych zdarze\u0144. Najpierw kierowca samochodu ci\u0119\u017carowego \n<a class=\"moretag\" href=\"https:\/\/ostrowskatv.pl\/?p=11119\"> [...]<\/a>","protected":false},"author":1,"featured_media":11114,"comment_status":"open","ping_status":"closed","sticky":false,"template":"","format":"standard","meta":{"footnotes":""},"categories":[1],"tags":[11],"class_list":["post-11119","post","type-post","status-publish","format-standard","has-post-thumbnail","hentry","category-news","tag-wypadek"],"_links":{"self":[{"href":"https:\/\/ostrowskatv.pl\/index.php?rest_route=\/wp\/v2\/posts\/11119","targetHints":{"allow":["GET"]}}],"collection":[{"href":"https:\/\/ostrowskatv.pl\/index.php?rest_route=\/wp\/v2\/posts"}],"about":[{"href":"https:\/\/ostrowskatv.pl\/index.php?rest_route=\/wp\/v2\/types\/post"}],"author":[{"embeddable":true,"href":"https:\/\/ostrowskatv.pl\/index.php?rest_route=\/wp\/v2\/users\/1"}],"replies":[{"embeddable":true,"href":"https:\/\/ostrowskatv.pl\/index.php?rest_route=%2Fwp%2Fv2%2Fcomments&post=11119"}],"version-history":[{"count":0,"href":"https:\/\/ostrowskatv.pl\/index.php?rest_route=\/wp\/v2\/posts\/11119\/revisions"}],"wp:featuredmedia":[{"embeddable":true,"href":"https:\/\/ostrowskatv.pl\/index.php?rest_route=\/wp\/v2\/media\/11114"}],"wp:attachment":[{"href":"https:\/\/ostrowskatv.pl\/index.php?rest_route=%2Fwp%2Fv2%2Fmedia&parent=11119"}],"wp:term":[{"taxonomy":"category","embeddable":true,"href":"https:\/\/ostrowskatv.pl\/index.php?rest_route=%2Fwp%2Fv2%2Fcategories&post=11119"},{"taxonomy":"post_tag","embeddable":true,"href":"https:\/\/ostrowskatv.pl\/index.php?rest_route=%2Fwp%2Fv2%2Ftags&post=11119"}],"curies":[{"name":"wp","href":"https:\/\/api.w.org\/{rel}","templated":true}]}}