{"id":10966,"date":"2019-12-21T17:22:07","date_gmt":"2019-12-21T16:22:07","guid":{"rendered":"http:\/\/ostrowska.tv\/?p=10966"},"modified":"2019-12-21T17:25:14","modified_gmt":"2019-12-21T16:25:14","slug":"jeden-po-uzyciu-spowodowal-kolizje-drugi-wpadl-na-zakazie","status":"publish","type":"post","link":"https:\/\/ostrowskatv.pl\/?p=10966","title":{"rendered":"Jeden po u\u017cyciu spowodowa\u0142 kolizj\u0119, drugi wpad\u0142 na zakazie"},"content":{"rendered":"<p><strong>Dzisiejsze popo\u0142udnie nale\u017ca\u0142o do kierowc\u00f3w spod znaku alkoholu. Najpierw 37-letni mieszkaniec Ostrowa jecha\u0142 ulic\u0105 Kasztanow\u0105. Na skrzy\u017cowaniu z ulic\u0105 Spacerow\u0105 uderzy\u0142 w Peugeota, w kt\u00f3rym jecha\u0142 kierowca z dw\u00f3jk\u0105 dzieci. Szcz\u0119\u015bliwie nikt nie odni\u00f3s\u0142 obra\u017ce\u0144. Sprawca natomiast wydmucha\u0142 0,42 promila.<\/strong><\/p>\n<p>Za jazd\u0119 &#8222;po u\u017cyciu&#8221; alkoholu, czyli poni\u017cej 0,2 &#8211; 0,5 promila, grozi grzywna do 5 tysi\u0119cy z\u0142, zakaz prowadzenia pojazd\u00f3w od 6 miesi\u0119cy do 3 lat oraz 10 punkt\u00f3w karnych.<\/p>\n<div id='gallery-1' class='gallery galleryid-10966 gallery-columns-3 gallery-size-thumbnail'><figure class='gallery-item'>\n\t\t\t<div class='gallery-icon landscape'>\n\t\t\t\t<a href='https:\/\/ostrowskatv.pl\/?attachment_id=10969'><img loading=\"lazy\" decoding=\"async\" width=\"150\" height=\"150\" src=\"https:\/\/ostrowskatv.pl\/wp-content\/uploads\/2019\/12\/IMG_20191221_145635-01-150x150.jpeg\" class=\"attachment-thumbnail size-thumbnail\" alt=\"\" \/><\/a>\n\t\t\t<\/div><\/figure><figure class='gallery-item'>\n\t\t\t<div class='gallery-icon landscape'>\n\t\t\t\t<a href='https:\/\/ostrowskatv.pl\/?attachment_id=10968'><img loading=\"lazy\" decoding=\"async\" width=\"150\" height=\"150\" src=\"https:\/\/ostrowskatv.pl\/wp-content\/uploads\/2019\/12\/IMG_20191221_145314-01-150x150.jpeg\" class=\"attachment-thumbnail size-thumbnail\" alt=\"\" \/><\/a>\n\t\t\t<\/div><\/figure><figure class='gallery-item'>\n\t\t\t<div class='gallery-icon landscape'>\n\t\t\t\t<a href='https:\/\/ostrowskatv.pl\/?attachment_id=10967'><img loading=\"lazy\" decoding=\"async\" width=\"150\" height=\"150\" src=\"https:\/\/ostrowskatv.pl\/wp-content\/uploads\/2019\/12\/IMG_20191221_145644-01-150x150.jpeg\" class=\"attachment-thumbnail size-thumbnail\" alt=\"\" \/><\/a>\n\t\t\t<\/div><\/figure>\n\t\t<\/div>\n\n<p>Chwil\u0119 p\u00f3\u017aniej policjanci z drog\u00f3wki zauwa\u017cyli kierowc\u0119 Toyoty, kt\u00f3ry przejecha\u0142 na czerwonym \u015bwietle przez skrzy\u017cowanie ulic Sienkiewicza\/Kolejowa w Ostrowie Wlkp. Po sprawdzeniu okaza\u0142o si\u0119, \u017ce mieszkaniec Wysocka ma zakaz prowadzenia pojazd\u00f3w do 2021 roku.<\/p>\n<div id='gallery-2' class='gallery galleryid-10966 gallery-columns-3 gallery-size-thumbnail'><figure class='gallery-item'>\n\t\t\t<div class='gallery-icon landscape'>\n\t\t\t\t<a href='https:\/\/ostrowskatv.pl\/?attachment_id=10970'><img loading=\"lazy\" decoding=\"async\" width=\"150\" height=\"150\" src=\"https:\/\/ostrowskatv.pl\/wp-content\/uploads\/2019\/12\/wysocko-150x150.jpeg\" class=\"attachment-thumbnail size-thumbnail\" alt=\"\" \/><\/a>\n\t\t\t<\/div><\/figure>\n\t\t<\/div>\n\n","protected":false},"excerpt":{"rendered":"Dzisiejsze popo\u0142udnie nale\u017ca\u0142o do kierowc\u00f3w spod znaku alkoholu. Najpierw 37-letni mieszkaniec Ostrowa jecha\u0142 ulic\u0105 Kasztanow\u0105. Na skrzy\u017cowaniu z ulic\u0105 Spacerow\u0105 uderzy\u0142 w Peugeota, \n<a class=\"moretag\" href=\"https:\/\/ostrowskatv.pl\/?p=10966\"> [...]<\/a>","protected":false},"author":1,"featured_media":10967,"comment_status":"open","ping_status":"closed","sticky":false,"template":"","format":"standard","meta":{"footnotes":""},"categories":[1],"tags":[2],"class_list":["post-10966","post","type-post","status-publish","format-standard","has-post-thumbnail","hentry","category-news","tag-ostrow-wielkopolski"],"_links":{"self":[{"href":"https:\/\/ostrowskatv.pl\/index.php?rest_route=\/wp\/v2\/posts\/10966","targetHints":{"allow":["GET"]}}],"collection":[{"href":"https:\/\/ostrowskatv.pl\/index.php?rest_route=\/wp\/v2\/posts"}],"about":[{"href":"https:\/\/ostrowskatv.pl\/index.php?rest_route=\/wp\/v2\/types\/post"}],"author":[{"embeddable":true,"href":"https:\/\/ostrowskatv.pl\/index.php?rest_route=\/wp\/v2\/users\/1"}],"replies":[{"embeddable":true,"href":"https:\/\/ostrowskatv.pl\/index.php?rest_route=%2Fwp%2Fv2%2Fcomments&post=10966"}],"version-history":[{"count":0,"href":"https:\/\/ostrowskatv.pl\/index.php?rest_route=\/wp\/v2\/posts\/10966\/revisions"}],"wp:featuredmedia":[{"embeddable":true,"href":"https:\/\/ostrowskatv.pl\/index.php?rest_route=\/wp\/v2\/media\/10967"}],"wp:attachment":[{"href":"https:\/\/ostrowskatv.pl\/index.php?rest_route=%2Fwp%2Fv2%2Fmedia&parent=10966"}],"wp:term":[{"taxonomy":"category","embeddable":true,"href":"https:\/\/ostrowskatv.pl\/index.php?rest_route=%2Fwp%2Fv2%2Fcategories&post=10966"},{"taxonomy":"post_tag","embeddable":true,"href":"https:\/\/ostrowskatv.pl\/index.php?rest_route=%2Fwp%2Fv2%2Ftags&post=10966"}],"curies":[{"name":"wp","href":"https:\/\/api.w.org\/{rel}","templated":true}]}}