{"id":10939,"date":"2019-12-20T17:08:18","date_gmt":"2019-12-20T16:08:18","guid":{"rendered":"http:\/\/ostrowska.tv\/?p=10939"},"modified":"2019-12-20T17:24:59","modified_gmt":"2019-12-20T16:24:59","slug":"uwierzyl-w-nowy-przepis-jazdy-na-suwak-uderzyl-w-barierke","status":"publish","type":"post","link":"https:\/\/ostrowskatv.pl\/?p=10939","title":{"rendered":"Uwierzy\u0142 w nowy przepis jazdy na suwak. Uderzy\u0142 w barierk\u0119"},"content":{"rendered":"<p><strong>Kurier jednej z firm, po rozwiezieniu ponad 70 paczek, wraca\u0142 na baz\u0119 do Kalisza. Przed Czekanowem przy ko\u0144czeniu si\u0119 jezdni 2-pasmowej, postanowi\u0142 zjecha\u0107 na prawy pas.<\/strong><\/p>\n<p>Kierowca my\u015bla\u0142, \u017ce wg nowych przepis\u00f3w nakazuj\u0105cych jazd\u0119 na suwak, kierowca z prawego pasa musi go wpu\u015bci\u0107. Przy 80-90 km\/h nie wpu\u015bci\u0142. Samoch\u00f3d dostawczy uderzy\u0142 w barier\u0119. Kurierowi na szcz\u0119\u015bcie nic si\u0119 nie sta\u0142o.<\/p>\n<p>Kierowca &#8222;na \u015awi\u0119ta&#8221; zosta\u0142 ukarany mandatem karnym w wysoko\u015bci 250 z\u0142 i 6 punktami karnymi.<\/p>\n<div id='gallery-1' class='gallery galleryid-10939 gallery-columns-3 gallery-size-thumbnail'><figure class='gallery-item'>\n\t\t\t<div class='gallery-icon landscape'>\n\t\t\t\t<a href='https:\/\/ostrowskatv.pl\/?attachment_id=10940'><img loading=\"lazy\" decoding=\"async\" width=\"150\" height=\"150\" src=\"https:\/\/ostrowskatv.pl\/wp-content\/uploads\/2019\/12\/IMG_20191220_165358-01-150x150.jpeg\" class=\"attachment-thumbnail size-thumbnail\" alt=\"\" \/><\/a>\n\t\t\t<\/div><\/figure><figure class='gallery-item'>\n\t\t\t<div class='gallery-icon landscape'>\n\t\t\t\t<a href='https:\/\/ostrowskatv.pl\/?attachment_id=10941'><img loading=\"lazy\" decoding=\"async\" width=\"150\" height=\"150\" src=\"https:\/\/ostrowskatv.pl\/wp-content\/uploads\/2019\/12\/IMG_20191220_165134-01-150x150.jpeg\" class=\"attachment-thumbnail size-thumbnail\" alt=\"\" \/><\/a>\n\t\t\t<\/div><\/figure><figure class='gallery-item'>\n\t\t\t<div class='gallery-icon landscape'>\n\t\t\t\t<a href='https:\/\/ostrowskatv.pl\/?attachment_id=10942'><img loading=\"lazy\" decoding=\"async\" width=\"150\" height=\"150\" src=\"https:\/\/ostrowskatv.pl\/wp-content\/uploads\/2019\/12\/IMG_20191220_165403-01-150x150.jpeg\" class=\"attachment-thumbnail size-thumbnail\" alt=\"\" \/><\/a>\n\t\t\t<\/div><\/figure><figure class='gallery-item'>\n\t\t\t<div class='gallery-icon landscape'>\n\t\t\t\t<a href='https:\/\/ostrowskatv.pl\/?attachment_id=10943'><img loading=\"lazy\" decoding=\"async\" width=\"150\" height=\"150\" src=\"https:\/\/ostrowskatv.pl\/wp-content\/uploads\/2019\/12\/IMG_20191220_170454-01-150x150.jpeg\" class=\"attachment-thumbnail size-thumbnail\" alt=\"\" \/><\/a>\n\t\t\t<\/div><\/figure><figure class='gallery-item'>\n\t\t\t<div class='gallery-icon landscape'>\n\t\t\t\t<a href='https:\/\/ostrowskatv.pl\/?attachment_id=10944'><img loading=\"lazy\" decoding=\"async\" width=\"150\" height=\"150\" src=\"https:\/\/ostrowskatv.pl\/wp-content\/uploads\/2019\/12\/IMG_20191220_165115-01-150x150.jpeg\" class=\"attachment-thumbnail size-thumbnail\" alt=\"\" \/><\/a>\n\t\t\t<\/div><\/figure>\n\t\t<\/div>\n\n","protected":false},"excerpt":{"rendered":"Kurier jednej z firm, po rozwiezieniu ponad 70 paczek, wraca\u0142 na baz\u0119 do Kalisza. Przed Czekanowem przy ko\u0144czeniu si\u0119 jezdni 2-pasmowej, postanowi\u0142 zjecha\u0107 \n<a class=\"moretag\" href=\"https:\/\/ostrowskatv.pl\/?p=10939\"> [...]<\/a>","protected":false},"author":1,"featured_media":10942,"comment_status":"open","ping_status":"closed","sticky":false,"template":"","format":"standard","meta":{"footnotes":""},"categories":[1],"tags":[2],"class_list":["post-10939","post","type-post","status-publish","format-standard","has-post-thumbnail","hentry","category-news","tag-ostrow-wielkopolski"],"_links":{"self":[{"href":"https:\/\/ostrowskatv.pl\/index.php?rest_route=\/wp\/v2\/posts\/10939","targetHints":{"allow":["GET"]}}],"collection":[{"href":"https:\/\/ostrowskatv.pl\/index.php?rest_route=\/wp\/v2\/posts"}],"about":[{"href":"https:\/\/ostrowskatv.pl\/index.php?rest_route=\/wp\/v2\/types\/post"}],"author":[{"embeddable":true,"href":"https:\/\/ostrowskatv.pl\/index.php?rest_route=\/wp\/v2\/users\/1"}],"replies":[{"embeddable":true,"href":"https:\/\/ostrowskatv.pl\/index.php?rest_route=%2Fwp%2Fv2%2Fcomments&post=10939"}],"version-history":[{"count":0,"href":"https:\/\/ostrowskatv.pl\/index.php?rest_route=\/wp\/v2\/posts\/10939\/revisions"}],"wp:featuredmedia":[{"embeddable":true,"href":"https:\/\/ostrowskatv.pl\/index.php?rest_route=\/wp\/v2\/media\/10942"}],"wp:attachment":[{"href":"https:\/\/ostrowskatv.pl\/index.php?rest_route=%2Fwp%2Fv2%2Fmedia&parent=10939"}],"wp:term":[{"taxonomy":"category","embeddable":true,"href":"https:\/\/ostrowskatv.pl\/index.php?rest_route=%2Fwp%2Fv2%2Fcategories&post=10939"},{"taxonomy":"post_tag","embeddable":true,"href":"https:\/\/ostrowskatv.pl\/index.php?rest_route=%2Fwp%2Fv2%2Ftags&post=10939"}],"curies":[{"name":"wp","href":"https:\/\/api.w.org\/{rel}","templated":true}]}}