{"id":10919,"date":"2019-12-18T19:58:49","date_gmt":"2019-12-18T18:58:49","guid":{"rendered":"http:\/\/ostrowska.tv\/?p=10919"},"modified":"2019-12-18T19:58:49","modified_gmt":"2019-12-18T18:58:49","slug":"rekordowy-protest-pod-sadem","status":"publish","type":"post","link":"https:\/\/ostrowskatv.pl\/?p=10919","title":{"rendered":"Rekordowy protest pod S\u0105dem"},"content":{"rendered":"<p><strong>Oko\u0142o 300 os\u00f3b zebra\u0142o si\u0119 pod S\u0105dem Rejonowym w Ostrowie Wielkopolskim, by wsp\u00f3lnie manifestowa\u0107 pod has\u0142em: &#8222;Dzi\u015b s\u0119dziowie, jutro ty&#8221;.\u00a0 Pomimo delikatnych opad\u00f3w deszczu, manifestuj\u0105cy od\u015bpiewali hymn, zapalili znicze, a tak\u017ce wys\u0142uchali przem\u00f3wie\u0144.<\/strong><\/p>\n<div id=\"gwp38950335_gwp3ccaf20d\">\n<div id=\"gwp38950335_gwp3ccaf20dh\">\n<div class=\"gwp38950335_gwp3ccaf20db\" data-message-body=\"true\">\n<div>Jerzy W\u00f3jcicki z Ostrowskiego Spaceru Protestacyjnego &#8222;\u0141a\u0144cuch \u015awiat\u0142a&#8221; powiedzia\u0142:<\/div>\n<\/div>\n<\/div>\n<\/div>\n<p dir=\"ltr\">&#8211; To jest kolejny protestujemy przed ostrowskim s\u0105dem rejonowym, jeste\u015bmy tu dzisiaj dlatego \u017ce jest to og\u00f3lnopolski protest &#8211; dzisiaj s\u0119dziowie jutro ty &#8211; takie jest has\u0142o dzisiejszego protestu. ustawa kaga\u0144cowa kt\u00f3r\u0105 zaproponowa\u0142o Prawo i Sprawiedliwo\u015b\u0107 jest ustaw\u0105 kt\u00f3ra teraz w tym momencie demoluje tr\u00f3jpodzia\u0142 w\u0142adzy. Demoluje niezale\u017cno\u015b\u0107 s\u0105d\u00f3w i demoluje niezawis\u0142o\u015b\u0107 s\u0119dzi\u00f3w. uwa\u017camy \u017ce ten protest obywatelski jest niezb\u0119dny i tak jak nas nazywaj\u0105 ulica i zagranica jest z nami, protesty odbywaj\u0105 si\u0119 w 180 miastach Polski r\u00f3wnie\u017c w Ostrowie Wielkopolskim odbywaj\u0105 si\u0119 od Berlina do Chicago tak by\u015bmy powiedzieli jak kiedy\u015b taka pie\u015b\u0144, nie b\u0119d\u0119 cytowa\u0142 autora, bo autor dzisiaj jest&#8230;<\/p>\n<div>W ma\u0142ych i \u015brednich tak jak Ostr\u00f3w Wielkopolski\u00a0 i tak jak Warszawa, Gda\u0144sk r\u00f3wnie\u017c jest bardzo du\u017ce zag\u0119szczenie protest\u00f3w w tak zwanym bastionie Prawa i Sprawiedliwo\u015bci czyli na Podkarpaciu i Ma\u0142opolsce i z tego si\u0119 niezmiernie cieszymy. presja ma sens, silni razem To s\u0105 nasze has\u0142a. wolne s\u0105dy, wolne Media, Wolna Polska i oczywi\u015bcie konstytucja Rzeczypospolitej, kt\u00f3r\u0105 nie kt\u00f3rzy czytaj\u0105 na opak, tak przykro bo ona jest napisana jednoznacznie, natomiast odczytywanie Konstytucji odbywa si\u0119 w spos\u00f3b niestety niejednoznaczny, cz\u0119sto niezgodny z prawd\u0105 jak\u0105 jaka zosta\u0142a zapisana w tych artyku\u0142ach naszego naszego\u00a0 najwa\u017cniejszego dokumentu Jakim jest ustawa zasadnicza.<\/div>\n<div id=\"gwp38950335_gwp3ccaf20d\">\n<div id=\"gwp38950335_gwp3ccaf20dh\">\n<div class=\"gwp38950335_gwp3ccaf20db\" data-message-body=\"true\">\n<div><\/div>\n<div>Andrzej Pichet, uczestnik manifestacji: W Ponad 160 miejscach w Polsce si\u0119 dzisiaj spotykamy i w takich du\u017cych miastach jak Pozna\u0144-Warszawa, to dlaczego nie w Ostrowie, wsz\u0119dzie odczuwamy dok\u0142adnie ten sam dyskomfort z powodu ostatnich zmian. No mam nadziej\u0119 \u017ce w dniu dzisiejszym w ko\u0144cu dotrze do w\u0142adzy \u017ce tr\u00f3jpodzia\u0142 w\u0142adzy to jest rzecz najwa\u017cniejsze \u017ce nie nale\u017cy poprzez zmian\u0119 tak\u0105 ustawy zmienia\u0107 ustroju pa\u0144stwa, to jest po prostu niezgodne z konstytucj\u0105 europejsk\u0105, w ko\u0144cu jeste\u015bmy w Unii Europejskiej.<\/div>\n<\/div>\n<\/div>\n<div><\/div>\n<div>PiS niekoniecznie s\u0142ucha No i w tym mamy ca\u0142y dylemat. ja mam nadziej\u0119 \u017ce instytucje europejskie w ko\u0144cu przekonaj\u0105\u00a0 naszych w\u0142odarzy \u017ce tak naprawd\u0119 albo jest si\u0119 w Unii Europejskiej i si\u0119 respektuje te prawa albo si\u0119 z niej wychodzi. tego w\u0142a\u015bnie si\u0119 obawiamy czy to nie jest pocz\u0105tek POLexitu<\/div>\n<\/div>\n<div><\/div>\n<div>\n<div id='gallery-1' class='gallery galleryid-10919 gallery-columns-3 gallery-size-thumbnail'><figure class='gallery-item'>\n\t\t\t<div class='gallery-icon landscape'>\n\t\t\t\t<a href='https:\/\/ostrowskatv.pl\/?attachment_id=10920'><img loading=\"lazy\" decoding=\"async\" width=\"150\" height=\"150\" src=\"https:\/\/ostrowskatv.pl\/wp-content\/uploads\/2019\/12\/IMG_20191218_180924-150x150.jpg\" class=\"attachment-thumbnail size-thumbnail\" alt=\"\" \/><\/a>\n\t\t\t<\/div><\/figure><figure class='gallery-item'>\n\t\t\t<div class='gallery-icon landscape'>\n\t\t\t\t<a href='https:\/\/ostrowskatv.pl\/?attachment_id=10921'><img loading=\"lazy\" decoding=\"async\" width=\"150\" height=\"150\" src=\"https:\/\/ostrowskatv.pl\/wp-content\/uploads\/2019\/12\/IMG_20191218_180930-150x150.jpg\" class=\"attachment-thumbnail size-thumbnail\" alt=\"\" \/><\/a>\n\t\t\t<\/div><\/figure><figure class='gallery-item'>\n\t\t\t<div class='gallery-icon landscape'>\n\t\t\t\t<a href='https:\/\/ostrowskatv.pl\/?attachment_id=10922'><img loading=\"lazy\" decoding=\"async\" width=\"150\" height=\"150\" src=\"https:\/\/ostrowskatv.pl\/wp-content\/uploads\/2019\/12\/IMG_20191218_180937-150x150.jpg\" class=\"attachment-thumbnail size-thumbnail\" alt=\"\" \/><\/a>\n\t\t\t<\/div><\/figure><figure class='gallery-item'>\n\t\t\t<div class='gallery-icon landscape'>\n\t\t\t\t<a href='https:\/\/ostrowskatv.pl\/?attachment_id=10923'><img loading=\"lazy\" decoding=\"async\" width=\"150\" height=\"150\" src=\"https:\/\/ostrowskatv.pl\/wp-content\/uploads\/2019\/12\/IMG_20191218_180943-150x150.jpg\" class=\"attachment-thumbnail size-thumbnail\" alt=\"\" \/><\/a>\n\t\t\t<\/div><\/figure><figure class='gallery-item'>\n\t\t\t<div class='gallery-icon landscape'>\n\t\t\t\t<a href='https:\/\/ostrowskatv.pl\/?attachment_id=10924'><img loading=\"lazy\" decoding=\"async\" width=\"150\" height=\"150\" src=\"https:\/\/ostrowskatv.pl\/wp-content\/uploads\/2019\/12\/IMG_20191218_180955-150x150.jpg\" class=\"attachment-thumbnail size-thumbnail\" alt=\"\" \/><\/a>\n\t\t\t<\/div><\/figure><figure class='gallery-item'>\n\t\t\t<div class='gallery-icon landscape'>\n\t\t\t\t<a href='https:\/\/ostrowskatv.pl\/?attachment_id=10925'><img loading=\"lazy\" decoding=\"async\" width=\"150\" height=\"150\" src=\"https:\/\/ostrowskatv.pl\/wp-content\/uploads\/2019\/12\/IMG_20191218_181000-150x150.jpg\" class=\"attachment-thumbnail size-thumbnail\" alt=\"\" \/><\/a>\n\t\t\t<\/div><\/figure><figure class='gallery-item'>\n\t\t\t<div class='gallery-icon landscape'>\n\t\t\t\t<a href='https:\/\/ostrowskatv.pl\/?attachment_id=10926'><img loading=\"lazy\" decoding=\"async\" width=\"150\" height=\"150\" src=\"https:\/\/ostrowskatv.pl\/wp-content\/uploads\/2019\/12\/IMG_20191218_181722-150x150.jpg\" class=\"attachment-thumbnail size-thumbnail\" alt=\"\" \/><\/a>\n\t\t\t<\/div><\/figure><figure class='gallery-item'>\n\t\t\t<div class='gallery-icon landscape'>\n\t\t\t\t<a href='https:\/\/ostrowskatv.pl\/?attachment_id=10927'><img loading=\"lazy\" decoding=\"async\" width=\"150\" height=\"150\" src=\"https:\/\/ostrowskatv.pl\/wp-content\/uploads\/2019\/12\/IMG_20191218_181726-150x150.jpg\" class=\"attachment-thumbnail size-thumbnail\" alt=\"\" \/><\/a>\n\t\t\t<\/div><\/figure><figure class='gallery-item'>\n\t\t\t<div class='gallery-icon landscape'>\n\t\t\t\t<a href='https:\/\/ostrowskatv.pl\/?attachment_id=10928'><img loading=\"lazy\" decoding=\"async\" width=\"150\" height=\"150\" src=\"https:\/\/ostrowskatv.pl\/wp-content\/uploads\/2019\/12\/IMG_20191218_181734-150x150.jpg\" class=\"attachment-thumbnail size-thumbnail\" alt=\"\" \/><\/a>\n\t\t\t<\/div><\/figure><figure class='gallery-item'>\n\t\t\t<div class='gallery-icon landscape'>\n\t\t\t\t<a href='https:\/\/ostrowskatv.pl\/?attachment_id=10929'><img loading=\"lazy\" decoding=\"async\" width=\"150\" height=\"150\" src=\"https:\/\/ostrowskatv.pl\/wp-content\/uploads\/2019\/12\/IMG_20191218_183001-150x150.jpg\" class=\"attachment-thumbnail size-thumbnail\" alt=\"\" \/><\/a>\n\t\t\t<\/div><\/figure>\n\t\t<\/div>\n\n<\/div>\n<div><\/div>\n","protected":false},"excerpt":{"rendered":"Oko\u0142o 300 os\u00f3b zebra\u0142o si\u0119 pod S\u0105dem Rejonowym w Ostrowie Wielkopolskim, by wsp\u00f3lnie manifestowa\u0107 pod has\u0142em: &#8222;Dzi\u015b s\u0119dziowie, jutro ty&#8221;.\u00a0 Pomimo delikatnych opad\u00f3w \n<a class=\"moretag\" href=\"https:\/\/ostrowskatv.pl\/?p=10919\"> [...]<\/a>","protected":false},"author":1,"featured_media":10921,"comment_status":"open","ping_status":"closed","sticky":false,"template":"","format":"standard","meta":{"footnotes":""},"categories":[1],"tags":[2],"class_list":["post-10919","post","type-post","status-publish","format-standard","has-post-thumbnail","hentry","category-news","tag-ostrow-wielkopolski"],"_links":{"self":[{"href":"https:\/\/ostrowskatv.pl\/index.php?rest_route=\/wp\/v2\/posts\/10919","targetHints":{"allow":["GET"]}}],"collection":[{"href":"https:\/\/ostrowskatv.pl\/index.php?rest_route=\/wp\/v2\/posts"}],"about":[{"href":"https:\/\/ostrowskatv.pl\/index.php?rest_route=\/wp\/v2\/types\/post"}],"author":[{"embeddable":true,"href":"https:\/\/ostrowskatv.pl\/index.php?rest_route=\/wp\/v2\/users\/1"}],"replies":[{"embeddable":true,"href":"https:\/\/ostrowskatv.pl\/index.php?rest_route=%2Fwp%2Fv2%2Fcomments&post=10919"}],"version-history":[{"count":0,"href":"https:\/\/ostrowskatv.pl\/index.php?rest_route=\/wp\/v2\/posts\/10919\/revisions"}],"wp:featuredmedia":[{"embeddable":true,"href":"https:\/\/ostrowskatv.pl\/index.php?rest_route=\/wp\/v2\/media\/10921"}],"wp:attachment":[{"href":"https:\/\/ostrowskatv.pl\/index.php?rest_route=%2Fwp%2Fv2%2Fmedia&parent=10919"}],"wp:term":[{"taxonomy":"category","embeddable":true,"href":"https:\/\/ostrowskatv.pl\/index.php?rest_route=%2Fwp%2Fv2%2Fcategories&post=10919"},{"taxonomy":"post_tag","embeddable":true,"href":"https:\/\/ostrowskatv.pl\/index.php?rest_route=%2Fwp%2Fv2%2Ftags&post=10919"}],"curies":[{"name":"wp","href":"https:\/\/api.w.org\/{rel}","templated":true}]}}