{"id":10912,"date":"2019-12-18T13:50:16","date_gmt":"2019-12-18T12:50:16","guid":{"rendered":"http:\/\/ostrowska.tv\/?p=10912"},"modified":"2019-12-18T15:26:29","modified_gmt":"2019-12-18T14:26:29","slug":"jednak-spadl-przy-budowie-hali","status":"publish","type":"post","link":"https:\/\/ostrowskatv.pl\/?p=10912","title":{"rendered":"Jednak spad\u0142 przy budowie hali"},"content":{"rendered":"<p><strong>Potwierdzi\u0142y si\u0119 pierwsze nieoficjalne informacje nt. zdarzenia, do kt\u00f3rego dosz\u0142o w poniedzia\u0142kowy poranek. Jeden z pracownik\u00f3w wyzna\u0142 w\u00f3wczas, \u017ce jego kolega spad\u0142 i nie \u017cyje. &lt;strong&gt;Potwierdzi\u0142y si\u0119 pierwsze nieoficjalne informacje nt. zdarzenia, do kt\u00f3rego dosz\u0142o w poniedzia\u0142kowy poranek. Jeden z pracownik\u00f3w wyzna\u0142 w\u00f3wczas, \u017ce jego kolega spad\u0142 i nie \u017cyje. Przyby\u0142y na miejsce lekarz, po uzyskaniu wst\u0119pnych informacji od niekt\u00f3rych pracownik\u00f3w, sk\u0142oni\u0142 si\u0119 ku wersji, \u017ce 60-latek zmar\u0142 w wyniku zawa\u0142u serca. Tymczasem wiele wskazuje na to, \u017ce m\u0119\u017cczyzna spad\u0142 na grz\u0105ski piasek i po chwili przeszed\u0142 10 metr\u00f3w dalej.<\/strong><\/p>\n<p>Przypomnijmy, \u017ce w poniedzia\u0142ek oko\u0142o godz. 9.00 dosz\u0142o do zdarzenia na terenie budowanej hali widowiskowo-sportowej w Ostrowie Wlkp. przy ul. Wojska Polskiego. 60-letni m\u0119\u017cczyzna mia\u0142 odczepia\u0107 za pomoc\u0105 \u0142omu szalunki &#8211; drewniane dykty przymocowane do g\u00f3rnej kraw\u0119dzi betonowej konstrukcji, dzi\u0119ki kt\u00f3rej to dykcie wylewany beton by\u0142 utrzymany w po\u017c\u0105danej formie.<\/p>\n<p>Sekcja zw\u0142ok m\u0119\u017cczyzny nie wykaza\u0142a jednoznacznie co by\u0142o bezpo\u015bredni\u0105 przyczyn\u0105 \u015bmierci. Rozwa\u017cane s\u0105 dwie wersje. Jedna, \u017ce m\u0119\u017cczyzna dozna\u0142 zawa\u0142u i spad\u0142, a druga bardziej prawdopodobna, \u017ce pr\u00f3buj\u0105c oderwa\u0107 za pomoc\u0105 \u0142omu dykt\u0119, wy\u0142ama\u0142 jej fragment i przeniesionym ci\u0119\u017carem cia\u0142a przesun\u0105\u0142 si\u0119 w stron\u0119 kraw\u0119dzi, co zako\u0144czy\u0142o si\u0119 upadkiem. Ze \u015blad\u00f3w na piasku wida\u0107, \u017ce m\u0119\u017cczyzna sam przeszed\u0142 jeszcze 10 metr\u00f3w zanim ostatecznie jego serce przesta\u0142o bi\u0107.<\/p>\n<p>Bieg\u0142y po przeprowadzeniu bada\u0144 histopatologicznych stwierdzi czy m\u0119\u017cczyzna mia\u0142 zawa\u0142 i czy inne obra\u017cenia mog\u0142y spowodowa\u0107 \u015bmier\u0107 m\u0119\u017cczyzny.<\/p>\n<p>To ju\u017c druga tragiczna historia na budowanej hali. Wcze\u015bniej dosz\u0142o do jedynego w Europie wy\u0142adowania atmosferycznego. Ra\u017cony pr\u0105dem zosta\u0142 jeden z pracownik\u00f3w.<\/p>\n<div id='gallery-1' class='gallery galleryid-10912 gallery-columns-3 gallery-size-thumbnail'><figure class='gallery-item'>\n\t\t\t<div class='gallery-icon landscape'>\n\t\t\t\t<a href='https:\/\/ostrowskatv.pl\/?attachment_id=10913'><img loading=\"lazy\" decoding=\"async\" width=\"150\" height=\"150\" src=\"https:\/\/ostrowskatv.pl\/wp-content\/uploads\/2019\/12\/hala_wypadek_04-150x150.jpg\" class=\"attachment-thumbnail size-thumbnail\" alt=\"\" \/><\/a>\n\t\t\t<\/div><\/figure><figure class='gallery-item'>\n\t\t\t<div class='gallery-icon landscape'>\n\t\t\t\t<a href='https:\/\/ostrowskatv.pl\/?attachment_id=10914'><img loading=\"lazy\" decoding=\"async\" width=\"150\" height=\"150\" src=\"https:\/\/ostrowskatv.pl\/wp-content\/uploads\/2019\/12\/hala_wypadek_03-150x150.jpg\" class=\"attachment-thumbnail size-thumbnail\" alt=\"\" \/><\/a>\n\t\t\t<\/div><\/figure><figure class='gallery-item'>\n\t\t\t<div class='gallery-icon landscape'>\n\t\t\t\t<a href='https:\/\/ostrowskatv.pl\/?attachment_id=10915'><img loading=\"lazy\" decoding=\"async\" width=\"150\" height=\"150\" src=\"https:\/\/ostrowskatv.pl\/wp-content\/uploads\/2019\/12\/hala_wypadek_02-150x150.jpg\" class=\"attachment-thumbnail size-thumbnail\" alt=\"\" \/><\/a>\n\t\t\t<\/div><\/figure><figure class='gallery-item'>\n\t\t\t<div class='gallery-icon landscape'>\n\t\t\t\t<a href='https:\/\/ostrowskatv.pl\/?attachment_id=10916'><img loading=\"lazy\" decoding=\"async\" width=\"150\" height=\"150\" src=\"https:\/\/ostrowskatv.pl\/wp-content\/uploads\/2019\/12\/hala_wypadek_01-150x150.jpg\" class=\"attachment-thumbnail size-thumbnail\" alt=\"\" \/><\/a>\n\t\t\t<\/div><\/figure>\n\t\t<\/div>\n\n","protected":false},"excerpt":{"rendered":"Potwierdzi\u0142y si\u0119 pierwsze nieoficjalne informacje nt. zdarzenia, do kt\u00f3rego dosz\u0142o w poniedzia\u0142kowy poranek. Jeden z pracownik\u00f3w wyzna\u0142 w\u00f3wczas, \u017ce jego kolega spad\u0142 i \n<a class=\"moretag\" href=\"https:\/\/ostrowskatv.pl\/?p=10912\"> [...]<\/a>","protected":false},"author":1,"featured_media":10916,"comment_status":"open","ping_status":"closed","sticky":false,"template":"","format":"standard","meta":{"footnotes":""},"categories":[1],"tags":[2],"class_list":["post-10912","post","type-post","status-publish","format-standard","has-post-thumbnail","hentry","category-news","tag-ostrow-wielkopolski"],"_links":{"self":[{"href":"https:\/\/ostrowskatv.pl\/index.php?rest_route=\/wp\/v2\/posts\/10912","targetHints":{"allow":["GET"]}}],"collection":[{"href":"https:\/\/ostrowskatv.pl\/index.php?rest_route=\/wp\/v2\/posts"}],"about":[{"href":"https:\/\/ostrowskatv.pl\/index.php?rest_route=\/wp\/v2\/types\/post"}],"author":[{"embeddable":true,"href":"https:\/\/ostrowskatv.pl\/index.php?rest_route=\/wp\/v2\/users\/1"}],"replies":[{"embeddable":true,"href":"https:\/\/ostrowskatv.pl\/index.php?rest_route=%2Fwp%2Fv2%2Fcomments&post=10912"}],"version-history":[{"count":0,"href":"https:\/\/ostrowskatv.pl\/index.php?rest_route=\/wp\/v2\/posts\/10912\/revisions"}],"wp:featuredmedia":[{"embeddable":true,"href":"https:\/\/ostrowskatv.pl\/index.php?rest_route=\/wp\/v2\/media\/10916"}],"wp:attachment":[{"href":"https:\/\/ostrowskatv.pl\/index.php?rest_route=%2Fwp%2Fv2%2Fmedia&parent=10912"}],"wp:term":[{"taxonomy":"category","embeddable":true,"href":"https:\/\/ostrowskatv.pl\/index.php?rest_route=%2Fwp%2Fv2%2Fcategories&post=10912"},{"taxonomy":"post_tag","embeddable":true,"href":"https:\/\/ostrowskatv.pl\/index.php?rest_route=%2Fwp%2Fv2%2Ftags&post=10912"}],"curies":[{"name":"wp","href":"https:\/\/api.w.org\/{rel}","templated":true}]}}