{"id":10852,"date":"2019-12-10T17:06:25","date_gmt":"2019-12-10T16:06:25","guid":{"rendered":"http:\/\/ostrowska.tv\/?p=10852"},"modified":"2019-12-10T17:06:50","modified_gmt":"2019-12-10T16:06:50","slug":"3-raz-zadymienie-na-zielonej-jeden-z-lokatorow-juz-nie-zyje","status":"publish","type":"post","link":"https:\/\/ostrowskatv.pl\/?p=10852","title":{"rendered":"3. raz zadymienie na Zielonej. Jeden z lokator\u00f3w ju\u017c nie \u017cyje"},"content":{"rendered":"<p><strong>Po raz trzeci w ostatnim czasie ostrowscy stra\u017cacy zostali wezwani do zadymienia w jednym z mieszka\u0144 przy ul. Zielonej w Ostrowie Wlkp. W miniony pi\u0105tek zmar\u0142 jeden z dw\u00f3ch m\u0119\u017cczyzn zamieszkuj\u0105cych lokal socjalny.<\/strong><\/p>\n<p>S\u0105siadki z pobliskich budynk\u00f3w s\u0105 zaniepokojone zagro\u017ceniem, kt\u00f3re jest cyklicznie stwarzane. Uwa\u017caj\u0105 tak\u017ce, \u017ce niekt\u00f3rzy lokatorzy psuj\u0105 opini\u0119 pozosta\u0142ym mieszka\u0144com. <\/p>\n<p>Stra\u017cacy po wej\u015bciu w aparatach ochrony dr\u00f3g oddechowych potwierdzili obecno\u015b\u0107 jednego z m\u0119\u017cczyzn i nakaza\u0142 mu wyj\u015b\u0107 na zewn\u0105trz. Zosta\u0142a do niego wezwana karetka, kt\u00f3ra zabra\u0142a go do szpitala.<\/p>\n<p>Tym razem w mieszkaniu zsun\u0119\u0142a z pieca rura odprowadzaj\u0105ca dym.<\/p>\n<div id='gallery-1' class='gallery galleryid-10852 gallery-columns-3 gallery-size-thumbnail'><figure class='gallery-item'>\n\t\t\t<div class='gallery-icon landscape'>\n\t\t\t\t<a href='https:\/\/ostrowskatv.pl\/?attachment_id=10853'><img loading=\"lazy\" decoding=\"async\" width=\"150\" height=\"150\" src=\"https:\/\/ostrowskatv.pl\/wp-content\/uploads\/2019\/12\/IMG_20191210_162541-01-150x150.jpeg\" class=\"attachment-thumbnail size-thumbnail\" alt=\"\" \/><\/a>\n\t\t\t<\/div><\/figure><figure class='gallery-item'>\n\t\t\t<div class='gallery-icon landscape'>\n\t\t\t\t<a href='https:\/\/ostrowskatv.pl\/?attachment_id=10854'><img loading=\"lazy\" decoding=\"async\" width=\"150\" height=\"150\" src=\"https:\/\/ostrowskatv.pl\/wp-content\/uploads\/2019\/12\/IMG_20191210_162110-01-150x150.jpeg\" class=\"attachment-thumbnail size-thumbnail\" alt=\"\" \/><\/a>\n\t\t\t<\/div><\/figure><figure class='gallery-item'>\n\t\t\t<div class='gallery-icon landscape'>\n\t\t\t\t<a href='https:\/\/ostrowskatv.pl\/?attachment_id=10855'><img loading=\"lazy\" decoding=\"async\" width=\"150\" height=\"150\" src=\"https:\/\/ostrowskatv.pl\/wp-content\/uploads\/2019\/12\/IMG_20191210_162222-01-150x150.jpeg\" class=\"attachment-thumbnail size-thumbnail\" alt=\"\" \/><\/a>\n\t\t\t<\/div><\/figure>\n\t\t<\/div>\n\n","protected":false},"excerpt":{"rendered":"Po raz trzeci w ostatnim czasie ostrowscy stra\u017cacy zostali wezwani do zadymienia w jednym z mieszka\u0144 przy ul. Zielonej w Ostrowie Wlkp. W \n<a class=\"moretag\" href=\"https:\/\/ostrowskatv.pl\/?p=10852\"> [...]<\/a>","protected":false},"author":1,"featured_media":10855,"comment_status":"open","ping_status":"closed","sticky":false,"template":"","format":"standard","meta":{"footnotes":""},"categories":[1],"tags":[2],"class_list":["post-10852","post","type-post","status-publish","format-standard","has-post-thumbnail","hentry","category-news","tag-ostrow-wielkopolski"],"_links":{"self":[{"href":"https:\/\/ostrowskatv.pl\/index.php?rest_route=\/wp\/v2\/posts\/10852","targetHints":{"allow":["GET"]}}],"collection":[{"href":"https:\/\/ostrowskatv.pl\/index.php?rest_route=\/wp\/v2\/posts"}],"about":[{"href":"https:\/\/ostrowskatv.pl\/index.php?rest_route=\/wp\/v2\/types\/post"}],"author":[{"embeddable":true,"href":"https:\/\/ostrowskatv.pl\/index.php?rest_route=\/wp\/v2\/users\/1"}],"replies":[{"embeddable":true,"href":"https:\/\/ostrowskatv.pl\/index.php?rest_route=%2Fwp%2Fv2%2Fcomments&post=10852"}],"version-history":[{"count":0,"href":"https:\/\/ostrowskatv.pl\/index.php?rest_route=\/wp\/v2\/posts\/10852\/revisions"}],"wp:featuredmedia":[{"embeddable":true,"href":"https:\/\/ostrowskatv.pl\/index.php?rest_route=\/wp\/v2\/media\/10855"}],"wp:attachment":[{"href":"https:\/\/ostrowskatv.pl\/index.php?rest_route=%2Fwp%2Fv2%2Fmedia&parent=10852"}],"wp:term":[{"taxonomy":"category","embeddable":true,"href":"https:\/\/ostrowskatv.pl\/index.php?rest_route=%2Fwp%2Fv2%2Fcategories&post=10852"},{"taxonomy":"post_tag","embeddable":true,"href":"https:\/\/ostrowskatv.pl\/index.php?rest_route=%2Fwp%2Fv2%2Ftags&post=10852"}],"curies":[{"name":"wp","href":"https:\/\/api.w.org\/{rel}","templated":true}]}}