{"id":10850,"date":"2019-12-09T13:11:11","date_gmt":"2019-12-09T12:11:11","guid":{"rendered":"http:\/\/ostrowska.tv\/?p=10850"},"modified":"2019-12-09T13:11:11","modified_gmt":"2019-12-09T12:11:11","slug":"pozar-zakladu-produkujacego-meble-pomagali-w-akcji-strazacy-z-ostrowa","status":"publish","type":"post","link":"https:\/\/ostrowskatv.pl\/?p=10850","title":{"rendered":"Po\u017car zak\u0142adu produkuj\u0105cego meble. Pomagali w akcji stra\u017cacy z Ostrowa"},"content":{"rendered":"<p><strong>Po godzinie 2.00 zg\u0142oszono po\u017car zak\u0142adu produkuj\u0105cego meble. Na miejsce zadysponowano w sumie 13 zast\u0119p\u00f3w stra\u017cy po\u017carnej w tym specjalistyczny kontener do uzupe\u0142niania butli z powietrzem, b\u0119d\u0105cy na wyposa\u017ceniu ostrowskiej stra\u017cy po\u017carnej. <\/strong><\/p>\n<p>Kiedy lokalni stra\u017cacy dotarli do Domanina-wsi zastali dwie hale obj\u0119te ca\u0142kowicie p\u0142omieniami. Ze zg\u0142oszenia wsp\u00f3\u0142w\u0142a\u015bciciela wynika\u0142o, \u017ce w \u015brodku mo\u017ce znajdowa\u0107 si\u0119 3 pracownik\u00f3w. Na szcz\u0119\u015bcie ta informacja nie zosta\u0142a potwierdzona. <\/p>\n<p>Ostatecznie sp\u0142on\u0119\u0142y dwie hale, ale stra\u017cakom uda\u0142o si\u0119 uratowa\u0107 cz\u0119\u015b\u0107 biurow\u0105 i magazyn mebli.<\/p>\n<div id='gallery-1' class='gallery galleryid-10850 gallery-columns-3 gallery-size-thumbnail'><figure class='gallery-item'>\n\t\t\t<div class='gallery-icon landscape'>\n\t\t\t\t<a href='https:\/\/ostrowskatv.pl\/?attachment_id=10849'><img loading=\"lazy\" decoding=\"async\" width=\"150\" height=\"150\" src=\"https:\/\/ostrowskatv.pl\/wp-content\/uploads\/2019\/12\/IMG_20191209_062343-01-150x150.jpeg\" class=\"attachment-thumbnail size-thumbnail\" alt=\"\" \/><\/a>\n\t\t\t<\/div><\/figure><figure class='gallery-item'>\n\t\t\t<div class='gallery-icon landscape'>\n\t\t\t\t<a href='https:\/\/ostrowskatv.pl\/?attachment_id=10848'><img loading=\"lazy\" decoding=\"async\" width=\"150\" height=\"150\" src=\"https:\/\/ostrowskatv.pl\/wp-content\/uploads\/2019\/12\/IMG_20191209_062348-01-150x150.jpeg\" class=\"attachment-thumbnail size-thumbnail\" alt=\"\" \/><\/a>\n\t\t\t<\/div><\/figure><figure class='gallery-item'>\n\t\t\t<div class='gallery-icon landscape'>\n\t\t\t\t<a href='https:\/\/ostrowskatv.pl\/?attachment_id=10847'><img loading=\"lazy\" decoding=\"async\" width=\"150\" height=\"150\" src=\"https:\/\/ostrowskatv.pl\/wp-content\/uploads\/2019\/12\/IMG_20191209_060438-01-150x150.jpeg\" class=\"attachment-thumbnail size-thumbnail\" alt=\"\" \/><\/a>\n\t\t\t<\/div><\/figure>\n\t\t<\/div>\n\n","protected":false},"excerpt":{"rendered":"Po godzinie 2.00 zg\u0142oszono po\u017car zak\u0142adu produkuj\u0105cego meble. Na miejsce zadysponowano w sumie 13 zast\u0119p\u00f3w stra\u017cy po\u017carnej w tym specjalistyczny kontener do uzupe\u0142niania \n<a class=\"moretag\" href=\"https:\/\/ostrowskatv.pl\/?p=10850\"> [...]<\/a>","protected":false},"author":1,"featured_media":10848,"comment_status":"open","ping_status":"closed","sticky":false,"template":"","format":"standard","meta":{"footnotes":""},"categories":[1],"tags":[7],"class_list":["post-10850","post","type-post","status-publish","format-standard","has-post-thumbnail","hentry","category-news","tag-pozar"],"_links":{"self":[{"href":"https:\/\/ostrowskatv.pl\/index.php?rest_route=\/wp\/v2\/posts\/10850","targetHints":{"allow":["GET"]}}],"collection":[{"href":"https:\/\/ostrowskatv.pl\/index.php?rest_route=\/wp\/v2\/posts"}],"about":[{"href":"https:\/\/ostrowskatv.pl\/index.php?rest_route=\/wp\/v2\/types\/post"}],"author":[{"embeddable":true,"href":"https:\/\/ostrowskatv.pl\/index.php?rest_route=\/wp\/v2\/users\/1"}],"replies":[{"embeddable":true,"href":"https:\/\/ostrowskatv.pl\/index.php?rest_route=%2Fwp%2Fv2%2Fcomments&post=10850"}],"version-history":[{"count":0,"href":"https:\/\/ostrowskatv.pl\/index.php?rest_route=\/wp\/v2\/posts\/10850\/revisions"}],"wp:featuredmedia":[{"embeddable":true,"href":"https:\/\/ostrowskatv.pl\/index.php?rest_route=\/wp\/v2\/media\/10848"}],"wp:attachment":[{"href":"https:\/\/ostrowskatv.pl\/index.php?rest_route=%2Fwp%2Fv2%2Fmedia&parent=10850"}],"wp:term":[{"taxonomy":"category","embeddable":true,"href":"https:\/\/ostrowskatv.pl\/index.php?rest_route=%2Fwp%2Fv2%2Fcategories&post=10850"},{"taxonomy":"post_tag","embeddable":true,"href":"https:\/\/ostrowskatv.pl\/index.php?rest_route=%2Fwp%2Fv2%2Ftags&post=10850"}],"curies":[{"name":"wp","href":"https:\/\/api.w.org\/{rel}","templated":true}]}}