{"id":10775,"date":"2019-12-07T10:16:37","date_gmt":"2019-12-07T09:16:37","guid":{"rendered":"http:\/\/ostrowska.tv\/?p=10775"},"modified":"2019-12-07T10:48:35","modified_gmt":"2019-12-07T09:48:35","slug":"zderzenie-daewoo-i-peugeota-na-obwodnicy-skalmierzyc","status":"publish","type":"post","link":"https:\/\/ostrowskatv.pl\/?p=10775","title":{"rendered":"Zderzenie Daewoo i Peugeota na obwodnicy Skalmierzyc"},"content":{"rendered":"<p><strong>Przed godzin\u0105 10.00 dosz\u0142o do zderzenia dw\u00f3ch aut osobowych na obwodnicy Skalmierzyc. Daewoo Matiz zjecha\u0142 do rowu, a Peugeot zosta\u0142 na jezdni. Na miejsce zadysponowano stra\u017c po\u017carn\u0105 i policj\u0119.<\/strong><\/p>\n<p>Wkr\u00f3tce wi\u0119cej informacji.<\/p>\n<div id='gallery-1' class='gallery galleryid-10775 gallery-columns-3 gallery-size-thumbnail'><figure class='gallery-item'>\n\t\t\t<div class='gallery-icon landscape'>\n\t\t\t\t<a href='https:\/\/ostrowskatv.pl\/?attachment_id=10776'><img loading=\"lazy\" decoding=\"async\" width=\"150\" height=\"150\" src=\"https:\/\/ostrowskatv.pl\/wp-content\/uploads\/2019\/12\/IMG_20191207_100314-01-150x150.jpeg\" class=\"attachment-thumbnail size-thumbnail\" alt=\"\" \/><\/a>\n\t\t\t<\/div><\/figure><figure class='gallery-item'>\n\t\t\t<div class='gallery-icon landscape'>\n\t\t\t\t<a href='https:\/\/ostrowskatv.pl\/?attachment_id=10777'><img loading=\"lazy\" decoding=\"async\" width=\"150\" height=\"150\" src=\"https:\/\/ostrowskatv.pl\/wp-content\/uploads\/2019\/12\/IMG_20191207_100255-01-150x150.jpeg\" class=\"attachment-thumbnail size-thumbnail\" alt=\"\" \/><\/a>\n\t\t\t<\/div><\/figure><figure class='gallery-item'>\n\t\t\t<div class='gallery-icon landscape'>\n\t\t\t\t<a href='https:\/\/ostrowskatv.pl\/?attachment_id=10778'><img loading=\"lazy\" decoding=\"async\" width=\"150\" height=\"150\" src=\"https:\/\/ostrowskatv.pl\/wp-content\/uploads\/2019\/12\/IMG_20191207_100251-01-150x150.jpeg\" class=\"attachment-thumbnail size-thumbnail\" alt=\"\" \/><\/a>\n\t\t\t<\/div><\/figure>\n\t\t<\/div>\n\n","protected":false},"excerpt":{"rendered":"Przed godzin\u0105 10.00 dosz\u0142o do zderzenia dw\u00f3ch aut osobowych na obwodnicy Skalmierzyc. Daewoo Matiz zjecha\u0142 do rowu, a Peugeot zosta\u0142 na jezdni. Na \n<a class=\"moretag\" href=\"https:\/\/ostrowskatv.pl\/?p=10775\"> [...]<\/a>","protected":false},"author":1,"featured_media":10778,"comment_status":"open","ping_status":"closed","sticky":false,"template":"","format":"standard","meta":{"footnotes":""},"categories":[1],"tags":[189],"class_list":["post-10775","post","type-post","status-publish","format-standard","has-post-thumbnail","hentry","category-news","tag-obwodnica-skalmierzyc"],"_links":{"self":[{"href":"https:\/\/ostrowskatv.pl\/index.php?rest_route=\/wp\/v2\/posts\/10775","targetHints":{"allow":["GET"]}}],"collection":[{"href":"https:\/\/ostrowskatv.pl\/index.php?rest_route=\/wp\/v2\/posts"}],"about":[{"href":"https:\/\/ostrowskatv.pl\/index.php?rest_route=\/wp\/v2\/types\/post"}],"author":[{"embeddable":true,"href":"https:\/\/ostrowskatv.pl\/index.php?rest_route=\/wp\/v2\/users\/1"}],"replies":[{"embeddable":true,"href":"https:\/\/ostrowskatv.pl\/index.php?rest_route=%2Fwp%2Fv2%2Fcomments&post=10775"}],"version-history":[{"count":0,"href":"https:\/\/ostrowskatv.pl\/index.php?rest_route=\/wp\/v2\/posts\/10775\/revisions"}],"wp:featuredmedia":[{"embeddable":true,"href":"https:\/\/ostrowskatv.pl\/index.php?rest_route=\/wp\/v2\/media\/10778"}],"wp:attachment":[{"href":"https:\/\/ostrowskatv.pl\/index.php?rest_route=%2Fwp%2Fv2%2Fmedia&parent=10775"}],"wp:term":[{"taxonomy":"category","embeddable":true,"href":"https:\/\/ostrowskatv.pl\/index.php?rest_route=%2Fwp%2Fv2%2Fcategories&post=10775"},{"taxonomy":"post_tag","embeddable":true,"href":"https:\/\/ostrowskatv.pl\/index.php?rest_route=%2Fwp%2Fv2%2Ftags&post=10775"}],"curies":[{"name":"wp","href":"https:\/\/api.w.org\/{rel}","templated":true}]}}