{"id":10773,"date":"2019-12-07T07:11:21","date_gmt":"2019-12-07T06:11:21","guid":{"rendered":"http:\/\/ostrowska.tv\/?p=10773"},"modified":"2019-12-07T07:11:21","modified_gmt":"2019-12-07T06:11:21","slug":"taksowkarz-zjechal-i-spowodowal-wypadek-na-gorzyckiej","status":"publish","type":"post","link":"https:\/\/ostrowskatv.pl\/?p=10773","title":{"rendered":"Taks\u00f3wkarz zjecha\u0142 i spowodowa\u0142 wypadek na Gorzyckiej"},"content":{"rendered":"<p><strong>M\u0119\u017cczyzna kieruj\u0105c taks\u00f3wk\u0105 zjecha\u0142 na przeciwny pas ruchu i czo\u0142owo zderzy\u0142 si\u0119 z Oplem Astr\u0105. Do wypadku dosz\u0142o kilka minut przed godzin\u0105 6.00 na ul. Gorzyckiej w Ostrowie Wielkopolskim.\u00a0<\/strong><\/p>\n<p>Na miejsce zadysponowano stra\u017c po\u017carn\u0105, karetk\u0119 i policj\u0119. Po ich przybyciu kierowcy Citroena i Opla by\u0142o ju\u017c na zewn\u0105trz pojazd\u00f3w.<\/p>\n<p>W obu pojazdach podr\u00f3\u017cowa\u0142y tylko dwie osoby. Karetka zabra\u0142a poszkodowanych do szpitala. Taks\u00f3wkarz uskar\u017ca\u0142 si\u0119 na b\u00f3l n\u00f3g. O dziwo kierowca z Opla, chocia\u017c zosta\u0142a naruszona kabina pasa\u017cerska, zdawa\u0142 si\u0119 by\u0107 w znacznie lepszym stanie od taks\u00f3wkarza.<\/p>\n<div id='gallery-1' class='gallery galleryid-10773 gallery-columns-3 gallery-size-thumbnail'><figure class='gallery-item'>\n\t\t\t<div class='gallery-icon landscape'>\n\t\t\t\t<a href='https:\/\/ostrowskatv.pl\/?attachment_id=10772'><img loading=\"lazy\" decoding=\"async\" width=\"150\" height=\"150\" src=\"https:\/\/ostrowskatv.pl\/wp-content\/uploads\/2019\/12\/IMG_20191207_062549-01-150x150.jpeg\" class=\"attachment-thumbnail size-thumbnail\" alt=\"\" \/><\/a>\n\t\t\t<\/div><\/figure><figure class='gallery-item'>\n\t\t\t<div class='gallery-icon landscape'>\n\t\t\t\t<a href='https:\/\/ostrowskatv.pl\/?attachment_id=10771'><img loading=\"lazy\" decoding=\"async\" width=\"150\" height=\"150\" src=\"https:\/\/ostrowskatv.pl\/wp-content\/uploads\/2019\/12\/IMG_20191207_062740-01-150x150.jpeg\" class=\"attachment-thumbnail size-thumbnail\" alt=\"\" \/><\/a>\n\t\t\t<\/div><\/figure><figure class='gallery-item'>\n\t\t\t<div class='gallery-icon landscape'>\n\t\t\t\t<a href='https:\/\/ostrowskatv.pl\/?attachment_id=10770'><img loading=\"lazy\" decoding=\"async\" width=\"150\" height=\"150\" src=\"https:\/\/ostrowskatv.pl\/wp-content\/uploads\/2019\/12\/IMG_20191207_062759-01-150x150.jpeg\" class=\"attachment-thumbnail size-thumbnail\" alt=\"\" \/><\/a>\n\t\t\t<\/div><\/figure><figure class='gallery-item'>\n\t\t\t<div class='gallery-icon landscape'>\n\t\t\t\t<a href='https:\/\/ostrowskatv.pl\/?attachment_id=10769'><img loading=\"lazy\" decoding=\"async\" width=\"150\" height=\"150\" src=\"https:\/\/ostrowskatv.pl\/wp-content\/uploads\/2019\/12\/IMG_20191207_062831-01-150x150.jpeg\" class=\"attachment-thumbnail size-thumbnail\" alt=\"\" \/><\/a>\n\t\t\t<\/div><\/figure><figure class='gallery-item'>\n\t\t\t<div class='gallery-icon landscape'>\n\t\t\t\t<a href='https:\/\/ostrowskatv.pl\/?attachment_id=10768'><img loading=\"lazy\" decoding=\"async\" width=\"150\" height=\"150\" src=\"https:\/\/ostrowskatv.pl\/wp-content\/uploads\/2019\/12\/IMG_20191207_062848-01-150x150.jpeg\" class=\"attachment-thumbnail size-thumbnail\" alt=\"\" \/><\/a>\n\t\t\t<\/div><\/figure>\n\t\t<\/div>\n\n<p>&nbsp;<\/p>\n","protected":false},"excerpt":{"rendered":"M\u0119\u017cczyzna kieruj\u0105c taks\u00f3wk\u0105 zjecha\u0142 na przeciwny pas ruchu i czo\u0142owo zderzy\u0142 si\u0119 z Oplem Astr\u0105. Do wypadku dosz\u0142o kilka minut przed godzin\u0105 6.00 \n<a class=\"moretag\" href=\"https:\/\/ostrowskatv.pl\/?p=10773\"> [...]<\/a>","protected":false},"author":1,"featured_media":10769,"comment_status":"open","ping_status":"closed","sticky":false,"template":"","format":"standard","meta":{"footnotes":""},"categories":[1],"tags":[2],"class_list":["post-10773","post","type-post","status-publish","format-standard","has-post-thumbnail","hentry","category-news","tag-ostrow-wielkopolski"],"_links":{"self":[{"href":"https:\/\/ostrowskatv.pl\/index.php?rest_route=\/wp\/v2\/posts\/10773","targetHints":{"allow":["GET"]}}],"collection":[{"href":"https:\/\/ostrowskatv.pl\/index.php?rest_route=\/wp\/v2\/posts"}],"about":[{"href":"https:\/\/ostrowskatv.pl\/index.php?rest_route=\/wp\/v2\/types\/post"}],"author":[{"embeddable":true,"href":"https:\/\/ostrowskatv.pl\/index.php?rest_route=\/wp\/v2\/users\/1"}],"replies":[{"embeddable":true,"href":"https:\/\/ostrowskatv.pl\/index.php?rest_route=%2Fwp%2Fv2%2Fcomments&post=10773"}],"version-history":[{"count":0,"href":"https:\/\/ostrowskatv.pl\/index.php?rest_route=\/wp\/v2\/posts\/10773\/revisions"}],"wp:featuredmedia":[{"embeddable":true,"href":"https:\/\/ostrowskatv.pl\/index.php?rest_route=\/wp\/v2\/media\/10769"}],"wp:attachment":[{"href":"https:\/\/ostrowskatv.pl\/index.php?rest_route=%2Fwp%2Fv2%2Fmedia&parent=10773"}],"wp:term":[{"taxonomy":"category","embeddable":true,"href":"https:\/\/ostrowskatv.pl\/index.php?rest_route=%2Fwp%2Fv2%2Fcategories&post=10773"},{"taxonomy":"post_tag","embeddable":true,"href":"https:\/\/ostrowskatv.pl\/index.php?rest_route=%2Fwp%2Fv2%2Ftags&post=10773"}],"curies":[{"name":"wp","href":"https:\/\/api.w.org\/{rel}","templated":true}]}}