{"id":10755,"date":"2019-12-04T14:02:04","date_gmt":"2019-12-04T13:02:04","guid":{"rendered":"http:\/\/ostrowska.tv\/?p=10755"},"modified":"2019-12-04T15:26:15","modified_gmt":"2019-12-04T14:26:15","slug":"okradziono-niewidomego-masazyste","status":"publish","type":"post","link":"https:\/\/ostrowskatv.pl\/?p=10755","title":{"rendered":"Okradziono niewidomego masa\u017cyst\u0119"},"content":{"rendered":"<p><strong>Leszek Kaczmarek, mieszkaj\u0105cy na co dzie\u0144 w gm. Nowe Skalmierzyce, zosta\u0142 okradziony. Z dzia\u0142ki znajduj\u0105cej si\u0119 przy ul. Wroc\u0142awskiej w Ostrowie Wlkp. skradziono st\u00f3\u0142 do masa\u017cu. Pan Leszek jest \u015bwie\u017co po kursie i zamierza\u0142 pomimo swojej niepe\u0142nosprawno\u015bci, w miar\u0119 normalnie funkcjonowa\u0107 w spo\u0142ecze\u0144stwie.<\/strong><\/p>\n<p>Problemy ze wzrokiem pan Leszek mia\u0142 jeszcze w szkole podstawowej. Maj\u0105c 18 lat przesta\u0142 ca\u0142kowicie widzie\u0107. Powodem by\u0142y wadliwe geny od strony ojca. Niewidomy jest tak\u017ce brat naszego bohatera.<\/p>\n<p>Pomimo uprzykrzaj\u0105cego \u017cycie schorzenia, pan Leszek jest pozytywn\u0105 osob\u0105. Potrafi gotowa\u0107, szy\u0107, a nawet tworzy\u0107 w ma\u0142ym warsztacie. Uko\u0144czy\u0142 szko\u0142\u0119 muzyczn\u0105 i niejednokrotnie wyst\u0119powa\u0142 na scenie.<\/p>\n<p>Teraz kiedy sko\u0144czy\u0142 kurs masa\u017cysty, chcia\u0142 wzi\u0105\u0107 sprawy w swoje r\u0119ce. Pewnego dnia przyjecha\u0142 na dzia\u0142k\u0119, gdzie uwielbia sp\u0119dza\u0107 czas. Zorientowa\u0142 si\u0119, \u017ce jest otwarty gara\u017c, a z jego wn\u0119trza znikn\u0105\u0142 specjalistyczny st\u00f3\u0142 do masa\u017cu. Wiele my\u015bli k\u0142\u0119bi\u0142o si\u0119 w g\u0142owie pana Leszka.<\/p>\n<p>Z pomoc\u0105 przyszli internauci. Z potrzebnej kwoty 1100 z\u0142 uzbiera\u0142 nawet 1500. Ju\u017c jutro z pomoc\u0105 kole\u017canki zamierza kupi\u0107 nowe \u0142\u00f3\u017cko.<\/p>\n<div id='gallery-1' class='gallery galleryid-10755 gallery-columns-3 gallery-size-thumbnail'><figure class='gallery-item'>\n\t\t\t<div class='gallery-icon landscape'>\n\t\t\t\t<a href='https:\/\/ostrowskatv.pl\/?attachment_id=10756'><img loading=\"lazy\" decoding=\"async\" width=\"150\" height=\"150\" src=\"https:\/\/ostrowskatv.pl\/wp-content\/uploads\/2019\/12\/IMG_20191204_122512-01-150x150.jpeg\" class=\"attachment-thumbnail size-thumbnail\" alt=\"\" \/><\/a>\n\t\t\t<\/div><\/figure><figure class='gallery-item'>\n\t\t\t<div class='gallery-icon landscape'>\n\t\t\t\t<a href='https:\/\/ostrowskatv.pl\/?attachment_id=10757'><img loading=\"lazy\" decoding=\"async\" width=\"150\" height=\"150\" src=\"https:\/\/ostrowskatv.pl\/wp-content\/uploads\/2019\/12\/IMG_20191204_124616-01-150x150.jpeg\" class=\"attachment-thumbnail size-thumbnail\" alt=\"\" \/><\/a>\n\t\t\t<\/div><\/figure>\n\t\t<\/div>\n\n","protected":false},"excerpt":{"rendered":"Leszek Kaczmarek, mieszkaj\u0105cy na co dzie\u0144 w gm. Nowe Skalmierzyce, zosta\u0142 okradziony. Z dzia\u0142ki znajduj\u0105cej si\u0119 przy ul. Wroc\u0142awskiej w Ostrowie Wlkp. skradziono \n<a class=\"moretag\" href=\"https:\/\/ostrowskatv.pl\/?p=10755\"> [...]<\/a>","protected":false},"author":1,"featured_media":10757,"comment_status":"open","ping_status":"closed","sticky":false,"template":"","format":"standard","meta":{"footnotes":""},"categories":[1],"tags":[2],"class_list":["post-10755","post","type-post","status-publish","format-standard","has-post-thumbnail","hentry","category-news","tag-ostrow-wielkopolski"],"_links":{"self":[{"href":"https:\/\/ostrowskatv.pl\/index.php?rest_route=\/wp\/v2\/posts\/10755","targetHints":{"allow":["GET"]}}],"collection":[{"href":"https:\/\/ostrowskatv.pl\/index.php?rest_route=\/wp\/v2\/posts"}],"about":[{"href":"https:\/\/ostrowskatv.pl\/index.php?rest_route=\/wp\/v2\/types\/post"}],"author":[{"embeddable":true,"href":"https:\/\/ostrowskatv.pl\/index.php?rest_route=\/wp\/v2\/users\/1"}],"replies":[{"embeddable":true,"href":"https:\/\/ostrowskatv.pl\/index.php?rest_route=%2Fwp%2Fv2%2Fcomments&post=10755"}],"version-history":[{"count":0,"href":"https:\/\/ostrowskatv.pl\/index.php?rest_route=\/wp\/v2\/posts\/10755\/revisions"}],"wp:featuredmedia":[{"embeddable":true,"href":"https:\/\/ostrowskatv.pl\/index.php?rest_route=\/wp\/v2\/media\/10757"}],"wp:attachment":[{"href":"https:\/\/ostrowskatv.pl\/index.php?rest_route=%2Fwp%2Fv2%2Fmedia&parent=10755"}],"wp:term":[{"taxonomy":"category","embeddable":true,"href":"https:\/\/ostrowskatv.pl\/index.php?rest_route=%2Fwp%2Fv2%2Fcategories&post=10755"},{"taxonomy":"post_tag","embeddable":true,"href":"https:\/\/ostrowskatv.pl\/index.php?rest_route=%2Fwp%2Fv2%2Ftags&post=10755"}],"curies":[{"name":"wp","href":"https:\/\/api.w.org\/{rel}","templated":true}]}}