{"id":10749,"date":"2019-12-04T09:14:53","date_gmt":"2019-12-04T08:14:53","guid":{"rendered":"http:\/\/ostrowska.tv\/?p=10749"},"modified":"2019-12-04T10:07:41","modified_gmt":"2019-12-04T09:07:41","slug":"czy-policjant-prowokowal-przed-bojka","status":"publish","type":"post","link":"https:\/\/ostrowskatv.pl\/?p=10749","title":{"rendered":"Czy policjant prowokowa\u0142 przed pobiciem?"},"content":{"rendered":"<p><strong>Sprawa pobicia policjanta z powiatu ostrowskiego coraz bardziej si\u0119 krystalizuje. We wtorek do Prokuratury Rejonowej w Kaliszu doprowadzono dw\u00f3ch z czterech podejrzanych. Postawiono im zarzuty pobicia funkcjonariusza publicznego, co zagro\u017cone jest kar\u0105 do 10 lat wi\u0119zienia. Uzyskane informacje od niezale\u017cnych \u015bwiadk\u00f3w rzucaj\u0105 nowe \u015bwiat\u0142o na kontekst i przebieg zdarzenia.<\/strong><\/p>\n<p>Do pobicia dosz\u0142o przed lokalem gastronomicznym w Kaliszu. W nocy z soboty na niedziel\u0119 czas sp\u0119dza\u0142 w restauracji policjant wraz ze swoim bratem i koleg\u0105 oraz czterech m\u0119\u017cczyzn. To co jest bezsporne, to fakt, \u017ce policjant b\u0119d\u0105cy po s\u0142u\u017cbie zosta\u0142 rozpoznany. Zdaniem personelu lokalu dosz\u0142o do dwustronnej pysk\u00f3wki. Postawa policjanta nie by\u0142a bierna. Zdaniem personelu mia\u0142 tak\u017ce prowokowa\u0107 &#8222;No to chod\u017a&#8221;. Mia\u0142 m\u00f3wi\u0107 tak\u017ce, \u017ce zaraz wezwie koleg\u00f3w. Na pytanie kogo, podkre\u015bli\u0142, \u017ce przyjad\u0105 jego koledzy policjanci. <\/p>\n<p>Po chwili wszyscy wyszli na zewn\u0105trz lokalu. Dw\u00f3ch z czterech m\u0119\u017cczyzn sta\u0142o z boku, a dw\u00f3ch bra\u0142o czynny udzia\u0142 w agresji fizycznej. G\u0142\u00f3wny sprawca z czw\u00f3rki m\u0119\u017cczyzn wyprowadzi\u0142 2-3 ciosy, z czego jeden mia\u0142 by\u0107 wymierzony poprzez uderzenie \u0142okciem w twarz policjanta. Drugi z agresor\u00f3w popchn\u0105\u0142 przeciwnika. Ca\u0142e zdarzenie trwa\u0142o nieca\u0142e 10 sekund. Jak si\u0119 p\u00f3\u017aniej okaza\u0142o, najagresywniejszy sprawca by\u0142 poszukiwany za rozboje. Wcze\u015bniej mia\u0142 r\u00f3wnie\u017c ograniczon\u0105 wolno\u015b\u0107. Po zdarzeniu ukrywa\u0142 si\u0119 w wynajmowanym mieszkaniu w Koninie, gdzie odnale\u017ali go funkcjonariusze tzw. &#8222;\u0141owcy g\u0142\u00f3w&#8221;. <\/p>\n<p>Poszkodowany policjant dozna\u0142 p\u0119kni\u0119cia ko\u015bci twarzoczaszki. Wczoraj przeszed\u0142 operacj\u0119. Jego stan nie zagra\u017ca \u017cyciu. Pozostaje pytanie czy niebierna postawa policjanta zostanie zauwa\u017cona przez \u015bledczych.<\/p>\n","protected":false},"excerpt":{"rendered":"Sprawa pobicia policjanta z powiatu ostrowskiego coraz bardziej si\u0119 krystalizuje. We wtorek do Prokuratury Rejonowej w Kaliszu doprowadzono dw\u00f3ch z czterech podejrzanych. Postawiono \n<a class=\"moretag\" href=\"https:\/\/ostrowskatv.pl\/?p=10749\"> [...]<\/a>","protected":false},"author":1,"featured_media":10750,"comment_status":"open","ping_status":"closed","sticky":false,"template":"","format":"standard","meta":{"footnotes":""},"categories":[1],"tags":[34],"class_list":["post-10749","post","type-post","status-publish","format-standard","has-post-thumbnail","hentry","category-news","tag-policja"],"_links":{"self":[{"href":"https:\/\/ostrowskatv.pl\/index.php?rest_route=\/wp\/v2\/posts\/10749","targetHints":{"allow":["GET"]}}],"collection":[{"href":"https:\/\/ostrowskatv.pl\/index.php?rest_route=\/wp\/v2\/posts"}],"about":[{"href":"https:\/\/ostrowskatv.pl\/index.php?rest_route=\/wp\/v2\/types\/post"}],"author":[{"embeddable":true,"href":"https:\/\/ostrowskatv.pl\/index.php?rest_route=\/wp\/v2\/users\/1"}],"replies":[{"embeddable":true,"href":"https:\/\/ostrowskatv.pl\/index.php?rest_route=%2Fwp%2Fv2%2Fcomments&post=10749"}],"version-history":[{"count":0,"href":"https:\/\/ostrowskatv.pl\/index.php?rest_route=\/wp\/v2\/posts\/10749\/revisions"}],"wp:featuredmedia":[{"embeddable":true,"href":"https:\/\/ostrowskatv.pl\/index.php?rest_route=\/wp\/v2\/media\/10750"}],"wp:attachment":[{"href":"https:\/\/ostrowskatv.pl\/index.php?rest_route=%2Fwp%2Fv2%2Fmedia&parent=10749"}],"wp:term":[{"taxonomy":"category","embeddable":true,"href":"https:\/\/ostrowskatv.pl\/index.php?rest_route=%2Fwp%2Fv2%2Fcategories&post=10749"},{"taxonomy":"post_tag","embeddable":true,"href":"https:\/\/ostrowskatv.pl\/index.php?rest_route=%2Fwp%2Fv2%2Ftags&post=10749"}],"curies":[{"name":"wp","href":"https:\/\/api.w.org\/{rel}","templated":true}]}}