{"id":10711,"date":"2019-11-27T14:23:33","date_gmt":"2019-11-27T13:23:33","guid":{"rendered":"http:\/\/ostrowska.tv\/?p=10711"},"modified":"2019-11-27T14:23:33","modified_gmt":"2019-11-27T13:23:33","slug":"ostrowscy-strazacy-pomagali-przy-olbrzymim-pozarze","status":"publish","type":"post","link":"https:\/\/ostrowskatv.pl\/?p=10711","title":{"rendered":"Ostrowscy stra\u017cacy pomagali przy olbrzymim po\u017carze"},"content":{"rendered":"<p><strong>Cztery specjalistyczne wozy z Ostrowa Wlkp. zosta\u0142y zadysponowane w \u015brodku nocy do Turku. Tam plonela olbrzymia hala, kt\u00f3rej produkowane by\u0142y meble. W sumie w akcji uczestniczy\u0142o a\u017c 48 zast\u0119p\u00f3w stra\u017cy po\u017carnej. Na miejscu pojawi\u0142 si\u0119 wojewoda \u0141ukasz Miko\u0142ajczyk. <\/strong><\/p>\n<p>Przed godzin\u0105 2.00 pracownicy zak\u0142adu poinformowali stra\u017c o po\u017carze na terenie firmy. <\/p>\n<p>O pomoc ostrowskich stra\u017cak\u00f3w poproszono o godz. 3.39. Wtedy zadysponowano grup\u0119 chemiczn\u0105 sk\u0142adaj\u0105c\u0105 si\u0119 z 3 woz\u00f3w, oraz auto z kontenerem do nape\u0142niania butli z powietrzem. <\/p>\n<p>Hala, w kt\u00f3rej znajdowa\u0142a si\u0119 m. in. lakiernia i galwanizeria mia\u0142a powierzchni\u0119 20 tysi\u0119cy metr\u00f3w kwadratowych. Pracowa\u0142o w niej ponad 1200 os\u00f3b. Feralnej nocy na hali przebywa\u0142o 80 os\u00f3b. Na szcz\u0119\u015bcie nic si\u0119 nie sta\u0142o.<\/p>\n<div id='gallery-1' class='gallery galleryid-10711 gallery-columns-3 gallery-size-thumbnail'><figure class='gallery-item'>\n\t\t\t<div class='gallery-icon landscape'>\n\t\t\t\t<a href='https:\/\/ostrowskatv.pl\/?attachment_id=10712'><img loading=\"lazy\" decoding=\"async\" width=\"150\" height=\"150\" src=\"https:\/\/ostrowskatv.pl\/wp-content\/uploads\/2019\/11\/DJI_0002-01-150x150.jpeg\" class=\"attachment-thumbnail size-thumbnail\" alt=\"\" aria-describedby=\"gallery-1-10712\" \/><\/a>\n\t\t\t<\/div>\n\t\t\t\t<figcaption class='wp-caption-text gallery-caption' id='gallery-1-10712'>\n\t\t\t\tDCIM100MEDIADJI_0002.JPG\n\t\t\t\t<\/figcaption><\/figure>\n\t\t<\/div>\n\n","protected":false},"excerpt":{"rendered":"Cztery specjalistyczne wozy z Ostrowa Wlkp. zosta\u0142y zadysponowane w \u015brodku nocy do Turku. Tam plonela olbrzymia hala, kt\u00f3rej produkowane by\u0142y meble. W sumie \n<a class=\"moretag\" href=\"https:\/\/ostrowskatv.pl\/?p=10711\"> [...]<\/a>","protected":false},"author":1,"featured_media":10712,"comment_status":"open","ping_status":"closed","sticky":false,"template":"","format":"standard","meta":{"footnotes":""},"categories":[1],"tags":[188],"class_list":["post-10711","post","type-post","status-publish","format-standard","has-post-thumbnail","hentry","category-news","tag-straz-pozarna"],"_links":{"self":[{"href":"https:\/\/ostrowskatv.pl\/index.php?rest_route=\/wp\/v2\/posts\/10711","targetHints":{"allow":["GET"]}}],"collection":[{"href":"https:\/\/ostrowskatv.pl\/index.php?rest_route=\/wp\/v2\/posts"}],"about":[{"href":"https:\/\/ostrowskatv.pl\/index.php?rest_route=\/wp\/v2\/types\/post"}],"author":[{"embeddable":true,"href":"https:\/\/ostrowskatv.pl\/index.php?rest_route=\/wp\/v2\/users\/1"}],"replies":[{"embeddable":true,"href":"https:\/\/ostrowskatv.pl\/index.php?rest_route=%2Fwp%2Fv2%2Fcomments&post=10711"}],"version-history":[{"count":0,"href":"https:\/\/ostrowskatv.pl\/index.php?rest_route=\/wp\/v2\/posts\/10711\/revisions"}],"wp:featuredmedia":[{"embeddable":true,"href":"https:\/\/ostrowskatv.pl\/index.php?rest_route=\/wp\/v2\/media\/10712"}],"wp:attachment":[{"href":"https:\/\/ostrowskatv.pl\/index.php?rest_route=%2Fwp%2Fv2%2Fmedia&parent=10711"}],"wp:term":[{"taxonomy":"category","embeddable":true,"href":"https:\/\/ostrowskatv.pl\/index.php?rest_route=%2Fwp%2Fv2%2Fcategories&post=10711"},{"taxonomy":"post_tag","embeddable":true,"href":"https:\/\/ostrowskatv.pl\/index.php?rest_route=%2Fwp%2Fv2%2Ftags&post=10711"}],"curies":[{"name":"wp","href":"https:\/\/api.w.org\/{rel}","templated":true}]}}